{"id":625,"date":"2025-06-02T16:57:57","date_gmt":"2025-06-02T19:57:57","guid":{"rendered":"https:\/\/www.imobiliariaatual.com.br\/blog\/?p=625"},"modified":"2025-06-26T14:58:39","modified_gmt":"2025-06-26T17:58:39","slug":"esta-caro-o-valor-do-condominio-veja-como-analisar-essa-questao","status":"publish","type":"post","link":"https:\/\/www.imobiliariaatual.com.br\/blog\/esta-caro-o-valor-do-condominio-veja-como-analisar-essa-questao\/","title":{"rendered":"Est\u00e1 caro o valor do condom\u00ednio? Veja como analisar essa quest\u00e3o"},"content":{"rendered":"\n<p>Se voc\u00ea mora em um condom\u00ednio e sente que a taxa condominial est\u00e1 alta, saiba que essa d\u00favida \u00e9 comum entre inquilinos e propriet\u00e1rios. No entanto, antes de questionar o valor cobrado, \u00e9 fundamental entender sua composi\u00e7\u00e3o, base legal e os crit\u00e9rios utilizados para seu c\u00e1lculo.<\/p>\n\n\n\n<p><strong>O que \u00e9 a taxa condominial e qual sua base legal?<\/strong><\/p>\n\n\n\n<p>A taxa condominial \u00e9 um valor mensal obrigat\u00f3rio, previsto no C\u00f3digo Civil (Lei 10.406\/2002, artigos 1.314 a 1.358-A), que estabelece os direitos e deveres dos cond\u00f4minos, a forma de rateio das despesas e as regras gerais de administra\u00e7\u00e3o condominial.<\/p>\n\n\n\n<p>O artigo 1.336 determina que os cond\u00f4minos devem contribuir para as despesas do condom\u00ednio na propor\u00e7\u00e3o de suas fra\u00e7\u00f5es ideais, salvo disposi\u00e7\u00e3o em contr\u00e1rio na conven\u00e7\u00e3o. J\u00e1 o artigo 1.334 regula o rateio das despesas ordin\u00e1rias e extraordin\u00e1rias.<\/p>\n\n\n\n<p>Al\u00e9m disso, os condom\u00ednios tamb\u00e9m s\u00e3o regulamentados pela Lei dos Condom\u00ednios (Lei 4.591\/1964), que complementa as disposi\u00e7\u00f5es do C\u00f3digo Civil e define regras sobre conven\u00e7\u00e3o, regimento interno e administra\u00e7\u00e3o do condom\u00ednio.<\/p>\n\n\n\n<p><strong>O que comp\u00f5e o valor do condom\u00ednio?<\/strong><\/p>\n\n\n\n<p>A taxa condominial \u00e9 formada por diferentes despesas, que podem ser classificadas da seguinte forma:<\/p>\n\n\n\n<p><strong>Despesas ordin\u00e1rias: <\/strong>custos recorrentes, como pagamento de funcion\u00e1rios, contas de \u00e1gua e energia das \u00e1reas comuns, seguran\u00e7a, limpeza, manuten\u00e7\u00e3o preventiva, servi\u00e7os terceirizados e impostos.<\/p>\n\n\n\n<p><strong>Despesas extraordin\u00e1rias:<\/strong> gastos imprevistos, como reformas estruturais, troca de elevadores, pintura da fachada, moderniza\u00e7\u00e3o de sistemas de seguran\u00e7a e reparos emergenciais.<\/p>\n\n\n\n<p><strong>Fundo de reserva: <\/strong>uma reserva financeira destinada a cobrir despesas emergenciais e manuten\u00e7\u00f5es inesperadas, cujo percentual \u00e9 definido na conven\u00e7\u00e3o do condom\u00ednio.<\/p>\n\n\n\n<p><strong>Quem deve pagar o valor do fundo de reserva do condom\u00ednio? Propriet\u00e1rio ou inquilino?&nbsp;<\/strong><\/p>\n\n\n\n<p>Via de regra, o fundo de reserva deve ser pago pelo propriet\u00e1rio do im\u00f3vel, e n\u00e3o pelo inquilino.<\/p>\n\n\n\n<p>Conforme o artigo 23, inciso XII, da Lei do Inquilinato (Lei n\u00ba 8.245\/91), as despesas extraordin\u00e1rias de condom\u00ednio, incluindo contribui\u00e7\u00f5es para o fundo de reserva, s\u00e3o de responsabilidade do locador (propriet\u00e1rio), salvo disposi\u00e7\u00e3o contratual em contr\u00e1rio.<\/p>\n\n\n\n<p>Na Imobili\u00e1ria Atual, seguimos esse entendimento legal. Por isso, orientamos que os inquilinos nos enviem mensalmente os comprovantes de pagamento do condom\u00ednio junto de seus boletos com o descritivo. Dessa forma, a parte relativa ao fundo de reserva pode ser descontada do valor do aluguel, garantindo que o locat\u00e1rio n\u00e3o arque com uma despesa que n\u00e3o lhe compete.<\/p>\n\n\n\n<p><strong>Como o valor do condom\u00ednio \u00e9 calculado?<\/strong><\/p>\n\n\n\n<p>O valor da taxa condominial \u00e9 definido com base nos custos do condom\u00ednio e pode ser distribu\u00eddo de duas maneiras:<\/p>\n\n\n\n<p><strong>Rateio por unidade<\/strong>: todos os apartamentos ou casas pagam um valor igual, independentemente do tamanho.<\/p>\n\n\n\n<p><strong>Rateio pela fra\u00e7\u00e3o ideal:<\/strong> cada unidade paga um valor proporcional ao seu tamanho em rela\u00e7\u00e3o ao condom\u00ednio, conforme estipulado na conven\u00e7\u00e3o condominial.<\/p>\n\n\n\n<p>Exemplo pr\u00e1tico: se um condom\u00ednio tem despesas mensais de R$ 30.000,00 (trinta mil reais) e possui 50 (cinquenta) unidades, cada unidade pagaria R$ 600,00 (seiscentos reais), caso o rateio seja igualit\u00e1rio. Se o rateio for pela fra\u00e7\u00e3o ideal, unidades maiores pagar\u00e3o mais do que as menores.<\/p>\n\n\n\n<p><strong>O que fazer se o valor do condom\u00ednio estiver alto?<\/strong><\/p>\n\n\n\n<p>Se voc\u00ea acredita que a taxa condominial est\u00e1 elevada, pode adotar algumas medidas:<\/p>\n\n\n\n<p><strong>Solicite o demonstrativo financeiro:<\/strong> pe\u00e7a \u00e0 administra\u00e7\u00e3o um detalhamento das despesas para entender como o dinheiro est\u00e1 sendo utilizado.<\/p>\n\n\n\n<p><strong>Participe das assembleias (ou autorize quem possa participar):<\/strong><\/p>\n\n\n\n<p>As assembleias s\u00e3o o espa\u00e7o ideal para discutir e questionar o valor da taxa condominial. Por lei, o inquilino s\u00f3 pode participar se tiver autoriza\u00e7\u00e3o expressa e por escrito do propriet\u00e1rio. Sem essa autoriza\u00e7\u00e3o, ele n\u00e3o pode votar nem permanecer na reuni\u00e3o.<\/p>\n\n\n\n<p>Portanto, se voc\u00ea \u00e9 locador, considere autorizar seu inquilino a participar \u2014 especialmente se ele reside no im\u00f3vel e lida diretamente com as quest\u00f5es do dia a dia do condom\u00ednio. Isso permite que ele represente seus interesses nas decis\u00f5es que impactam diretamente sua rotina.<\/p>\n\n\n\n<p><strong>Sugira medidas de economia: <\/strong>o uso racional de \u00e1gua e energia, a terceiriza\u00e7\u00e3o de servi\u00e7os e a otimiza\u00e7\u00e3o dos contratos podem reduzir custos.<\/p>\n\n\n\n<p><strong>O que acontece se o condom\u00ednio n\u00e3o for pago?<\/strong><\/p>\n\n\n\n<p>A inadimpl\u00eancia pode gerar penalidades severas. O artigo 1.336, \u00a71\u00ba, do C\u00f3digo Civil prev\u00ea que o cond\u00f4mino inadimplente pode sofrer multas de at\u00e9 2% (dois por cento) sobre o d\u00e9bito, al\u00e9m de juros morat\u00f3rios e honor\u00e1rios. Caso a d\u00edvida persista, o condom\u00ednio pode ingressar com a\u00e7\u00e3o judicial para cobran\u00e7a e at\u00e9 penhora do im\u00f3vel.<\/p>\n\n\n\n<p>A taxa condominial \u00e9 essencial para a manuten\u00e7\u00e3o e seguran\u00e7a do condom\u00ednio, mas \u00e9 importante que seu valor seja justo e compat\u00edvel com os servi\u00e7os oferecidos. Se houver d\u00favidas sobre o c\u00e1lculo ou aumentos excessivos, \u00e9 direito do propriet\u00e1rio questionar, solicitar esclarecimentos e participar ativamente das decis\u00f5es do condom\u00ednio. Estar informado \u00e9 a melhor maneira de garantir que seu dinheiro esteja sendo bem empregado!<\/p>\n\n\n\n<p><strong>Como saber o valor do condom\u00ednio antes da mudan\u00e7a&nbsp;<\/strong><\/p>\n\n\n\n<p>Se voc\u00ea est\u00e1 em busca de um im\u00f3vel para loca\u00e7\u00e3o e deseja saber o valor do condom\u00ednio, normalmente nos an\u00fancios, os propriet\u00e1rios ou imobili\u00e1rias costumam informar uma m\u00e9dia do valor, com base no que foi passado pelo \u00faltimo morador. Por\u00e9m, \u00e9 um valor que pode sofrer altera\u00e7\u00f5es, ent\u00e3o, vale a pena sempre considerar que pode exceder ou ser um pouco abaixo.&nbsp;<\/p>\n\n\n\n<p>Para ver apartamentos em Londrina para loca\u00e7\u00e3o <a href=\"https:\/\/www.imobiliariaatual.com.br\/imoveis\/apartamento-locacao-londrina\">clique aqui<\/a>\u00a0<\/p>\n\n\n\n<p>Para checar quais casas em condom\u00ednio em Londrina est\u00e3o dispon\u00edveis para loca\u00e7\u00e3o <a href=\"https:\/\/www.imobiliariaatual.com.br\/imoveis\/casa-em-condominio-locacao-londrina\">clique aqui<\/a>\u00a0<\/p>\n\n\n\n<p><strong>Quem deve pagar o valor do condom\u00ednio? Inquilino ou propriet\u00e1rio?<\/strong><\/p>\n\n\n\n<p>Essa \u00e9 uma d\u00favida comum entre locadores e locat\u00e1rios. De acordo com a Lei do Inquilinato (<a href=\"https:\/\/www.jusbrasil.com.br\/topicos\/11732712\/artigo-23-da-lei-n-8245-de-18-de-outubro-de-1991\">Lei 8.245\/91, artigo 23<\/a>), o inquilino \u00e9 respons\u00e1vel pelo pagamento das despesas ordin\u00e1rias do condom\u00ednio, ou seja, aquelas relacionadas \u00e0 manuten\u00e7\u00e3o e funcionamento cotidiano.<\/p>\n\n\n\n<p>J\u00e1 o propriet\u00e1rio deve arcar com as despesas extraordin\u00e1rias, como reformas estruturais, pintura da fachada e instala\u00e7\u00e3o de equipamentos.<\/p>\n\n\n\n<p>Por isso, \u00e9 fundamental verificar o contrato de loca\u00e7\u00e3o para entender exatamente o que est\u00e1 incluso e evitar surpresas.<\/p>\n","protected":false},"excerpt":{"rendered":"<p>Se voc\u00ea mora em um condom\u00ednio e sente que a taxa condominial est\u00e1 alta, \u00e9 fundamental entender sua composi\u00e7\u00e3o para saber de fato se est\u00e1 pagando caro.<\/p>\n","protected":false},"author":3,"featured_media":626,"comment_status":"open","ping_status":"open","sticky":true,"template":"","format":"standard","meta":{"footnotes":""},"categories":[5],"tags":[48,123,69,70,39,54],"class_list":["post-625","post","type-post","status-publish","format-standard","has-post-thumbnail","hentry","category-economia","tag-aluguel","tag-condominio-3","tag-imobiliaria","tag-imobiliariaatual","tag-imoveislondrina","tag-londrina"],"yoast_head":"<!-- This site is optimized with the Yoast SEO plugin v27.5 - https:\/\/yoast.com\/product\/yoast-seo-wordpress\/ -->\n<title>Est\u00e1 caro o valor do condom\u00ednio? Veja como analisar essa quest\u00e3o - Revista Atual<\/title>\n<meta name=\"description\" content=\"Antes de questionar a taxa condominial, \u00e9 essencial entender como ela \u00e9 calculada, sua base legal e quais despesas ela cobre. Confira.\" \/>\n<meta name=\"robots\" content=\"index, follow, max-snippet:-1, max-image-preview:large, max-video-preview:-1\" \/>\n<link rel=\"canonical\" href=\"https:\/\/www.imobiliariaatual.com.br\/blog\/esta-caro-o-valor-do-condominio-veja-como-analisar-essa-questao\/\" \/>\n<meta property=\"og:locale\" content=\"pt_BR\" \/>\n<meta property=\"og:type\" content=\"article\" \/>\n<meta property=\"og:title\" content=\"Est\u00e1 caro o valor do condom\u00ednio? Veja como analisar essa quest\u00e3o - Revista Atual\" \/>\n<meta property=\"og:description\" content=\"Antes de questionar a taxa condominial, \u00e9 essencial entender como ela \u00e9 calculada, sua base legal e quais despesas ela cobre. Confira.\" \/>\n<meta property=\"og:url\" content=\"https:\/\/www.imobiliariaatual.com.br\/blog\/esta-caro-o-valor-do-condominio-veja-como-analisar-essa-questao\/\" \/>\n<meta property=\"og:site_name\" content=\"Revista Atual\" \/>\n<meta property=\"article:publisher\" content=\"https:\/\/www.facebook.com\/Imobiliariaatuallondrina\/\" \/>\n<meta property=\"article:published_time\" content=\"2025-06-02T19:57:57+00:00\" \/>\n<meta property=\"article:modified_time\" content=\"2025-06-26T17:58:39+00:00\" \/>\n<meta property=\"og:image\" content=\"https:\/\/www.imobiliariaatual.com.br\/blog\/wp-content\/uploads\/2025\/06\/Copia-de-Imagens-2000-x-2000-px-1920-x-1080-px-700x394.png\" \/>\n\t<meta property=\"og:image:width\" content=\"700\" \/>\n\t<meta property=\"og:image:height\" content=\"394\" \/>\n\t<meta property=\"og:image:type\" content=\"image\/png\" \/>\n<meta name=\"author\" content=\"Imobili\u00e1ria Atual\" \/>\n<meta name=\"twitter:card\" content=\"summary_large_image\" \/>\n<meta name=\"twitter:label1\" content=\"Escrito por\" \/>\n\t<meta name=\"twitter:data1\" content=\"Imobili\u00e1ria Atual\" \/>\n\t<meta name=\"twitter:label2\" content=\"Est. tempo de leitura\" \/>\n\t<meta name=\"twitter:data2\" content=\"6 minutos\" \/>\n<script type=\"application\/ld+json\" class=\"yoast-schema-graph\">{\"@context\":\"https:\\\/\\\/schema.org\",\"@graph\":[{\"@type\":\"Article\",\"@id\":\"https:\\\/\\\/www.imobiliariaatual.com.br\\\/blog\\\/esta-caro-o-valor-do-condominio-veja-como-analisar-essa-questao\\\/#article\",\"isPartOf\":{\"@id\":\"https:\\\/\\\/www.imobiliariaatual.com.br\\\/blog\\\/esta-caro-o-valor-do-condominio-veja-como-analisar-essa-questao\\\/\"},\"author\":{\"name\":\"Imobili\u00e1ria Atual\",\"@id\":\"https:\\\/\\\/www.imobiliariaatual.com.br\\\/blog\\\/#\\\/schema\\\/person\\\/a05b0c0c2a5de889f67dbcd8ac0464b1\"},\"headline\":\"Est\u00e1 caro o valor do condom\u00ednio? Veja como analisar essa quest\u00e3o\",\"datePublished\":\"2025-06-02T19:57:57+00:00\",\"dateModified\":\"2025-06-26T17:58:39+00:00\",\"mainEntityOfPage\":{\"@id\":\"https:\\\/\\\/www.imobiliariaatual.com.br\\\/blog\\\/esta-caro-o-valor-do-condominio-veja-como-analisar-essa-questao\\\/\"},\"wordCount\":1079,\"commentCount\":0,\"publisher\":{\"@id\":\"https:\\\/\\\/www.imobiliariaatual.com.br\\\/blog\\\/#organization\"},\"image\":{\"@id\":\"https:\\\/\\\/www.imobiliariaatual.com.br\\\/blog\\\/esta-caro-o-valor-do-condominio-veja-como-analisar-essa-questao\\\/#primaryimage\"},\"thumbnailUrl\":\"https:\\\/\\\/www.imobiliariaatual.com.br\\\/blog\\\/wp-content\\\/uploads\\\/2025\\\/06\\\/Copia-de-Imagens-2000-x-2000-px-1920-x-1080-px.png\",\"keywords\":[\"#aluguel\",\"#condom\u00ednio\",\"#imobiliaria\",\"#imobiliariaatual\",\"#imoveislondrina\",\"#londrina\"],\"articleSection\":[\"Economia\"],\"inLanguage\":\"pt-BR\",\"potentialAction\":[{\"@type\":\"CommentAction\",\"name\":\"Comment\",\"target\":[\"https:\\\/\\\/www.imobiliariaatual.com.br\\\/blog\\\/esta-caro-o-valor-do-condominio-veja-como-analisar-essa-questao\\\/#respond\"]}]},{\"@type\":\"WebPage\",\"@id\":\"https:\\\/\\\/www.imobiliariaatual.com.br\\\/blog\\\/esta-caro-o-valor-do-condominio-veja-como-analisar-essa-questao\\\/\",\"url\":\"https:\\\/\\\/www.imobiliariaatual.com.br\\\/blog\\\/esta-caro-o-valor-do-condominio-veja-como-analisar-essa-questao\\\/\",\"name\":\"Est\u00e1 caro o valor do condom\u00ednio? Veja como analisar essa quest\u00e3o - Revista Atual\",\"isPartOf\":{\"@id\":\"https:\\\/\\\/www.imobiliariaatual.com.br\\\/blog\\\/#website\"},\"primaryImageOfPage\":{\"@id\":\"https:\\\/\\\/www.imobiliariaatual.com.br\\\/blog\\\/esta-caro-o-valor-do-condominio-veja-como-analisar-essa-questao\\\/#primaryimage\"},\"image\":{\"@id\":\"https:\\\/\\\/www.imobiliariaatual.com.br\\\/blog\\\/esta-caro-o-valor-do-condominio-veja-como-analisar-essa-questao\\\/#primaryimage\"},\"thumbnailUrl\":\"https:\\\/\\\/www.imobiliariaatual.com.br\\\/blog\\\/wp-content\\\/uploads\\\/2025\\\/06\\\/Copia-de-Imagens-2000-x-2000-px-1920-x-1080-px.png\",\"datePublished\":\"2025-06-02T19:57:57+00:00\",\"dateModified\":\"2025-06-26T17:58:39+00:00\",\"description\":\"Antes de questionar a taxa condominial, \u00e9 essencial entender como ela \u00e9 calculada, sua base legal e quais despesas ela cobre. Confira.\",\"breadcrumb\":{\"@id\":\"https:\\\/\\\/www.imobiliariaatual.com.br\\\/blog\\\/esta-caro-o-valor-do-condominio-veja-como-analisar-essa-questao\\\/#breadcrumb\"},\"inLanguage\":\"pt-BR\",\"potentialAction\":[{\"@type\":\"ReadAction\",\"target\":[\"https:\\\/\\\/www.imobiliariaatual.com.br\\\/blog\\\/esta-caro-o-valor-do-condominio-veja-como-analisar-essa-questao\\\/\"]}]},{\"@type\":\"ImageObject\",\"inLanguage\":\"pt-BR\",\"@id\":\"https:\\\/\\\/www.imobiliariaatual.com.br\\\/blog\\\/esta-caro-o-valor-do-condominio-veja-como-analisar-essa-questao\\\/#primaryimage\",\"url\":\"https:\\\/\\\/www.imobiliariaatual.com.br\\\/blog\\\/wp-content\\\/uploads\\\/2025\\\/06\\\/Copia-de-Imagens-2000-x-2000-px-1920-x-1080-px.png\",\"contentUrl\":\"https:\\\/\\\/www.imobiliariaatual.com.br\\\/blog\\\/wp-content\\\/uploads\\\/2025\\\/06\\\/Copia-de-Imagens-2000-x-2000-px-1920-x-1080-px.png\",\"width\":1920,\"height\":1080},{\"@type\":\"BreadcrumbList\",\"@id\":\"https:\\\/\\\/www.imobiliariaatual.com.br\\\/blog\\\/esta-caro-o-valor-do-condominio-veja-como-analisar-essa-questao\\\/#breadcrumb\",\"itemListElement\":[{\"@type\":\"ListItem\",\"position\":1,\"name\":\"In\u00edcio\",\"item\":\"https:\\\/\\\/www.imobiliariaatual.com.br\\\/blog\\\/\"},{\"@type\":\"ListItem\",\"position\":2,\"name\":\"Est\u00e1 caro o valor do condom\u00ednio? Veja como analisar essa quest\u00e3o\"}]},{\"@type\":\"WebSite\",\"@id\":\"https:\\\/\\\/www.imobiliariaatual.com.br\\\/blog\\\/#website\",\"url\":\"https:\\\/\\\/www.imobiliariaatual.com.br\\\/blog\\\/\",\"name\":\"Revista Atual\",\"description\":\"Revista Atual\",\"publisher\":{\"@id\":\"https:\\\/\\\/www.imobiliariaatual.com.br\\\/blog\\\/#organization\"},\"potentialAction\":[{\"@type\":\"SearchAction\",\"target\":{\"@type\":\"EntryPoint\",\"urlTemplate\":\"https:\\\/\\\/www.imobiliariaatual.com.br\\\/blog\\\/?s={search_term_string}\"},\"query-input\":{\"@type\":\"PropertyValueSpecification\",\"valueRequired\":true,\"valueName\":\"search_term_string\"}}],\"inLanguage\":\"pt-BR\"},{\"@type\":\"Organization\",\"@id\":\"https:\\\/\\\/www.imobiliariaatual.com.br\\\/blog\\\/#organization\",\"name\":\"Imobili\u00e1ria Atual\",\"url\":\"https:\\\/\\\/www.imobiliariaatual.com.br\\\/blog\\\/\",\"logo\":{\"@type\":\"ImageObject\",\"inLanguage\":\"pt-BR\",\"@id\":\"https:\\\/\\\/www.imobiliariaatual.com.br\\\/blog\\\/#\\\/schema\\\/logo\\\/image\\\/\",\"url\":\"https:\\\/\\\/www.imobiliariaatual.com.br\\\/blog\\\/wp-content\\\/uploads\\\/2021\\\/02\\\/logo-print.png\",\"contentUrl\":\"https:\\\/\\\/www.imobiliariaatual.com.br\\\/blog\\\/wp-content\\\/uploads\\\/2021\\\/02\\\/logo-print.png\",\"width\":193,\"height\":60,\"caption\":\"Imobili\u00e1ria Atual\"},\"image\":{\"@id\":\"https:\\\/\\\/www.imobiliariaatual.com.br\\\/blog\\\/#\\\/schema\\\/logo\\\/image\\\/\"},\"sameAs\":[\"https:\\\/\\\/www.facebook.com\\\/Imobiliariaatuallondrina\\\/\",\"https:\\\/\\\/www.instagram.com\\\/imobiliariaatual\\\/\",\"https:\\\/\\\/www.imobiliariaatual.com.br\\\/blog\\\/imobiliaria-atual-lanca-um-novo-site\\\/\",\"https:\\\/\\\/www.youtube.com\\\/channel\\\/UCGTDKPROSOnTrNzFZM5hE0A\"]},{\"@type\":\"Person\",\"@id\":\"https:\\\/\\\/www.imobiliariaatual.com.br\\\/blog\\\/#\\\/schema\\\/person\\\/a05b0c0c2a5de889f67dbcd8ac0464b1\",\"name\":\"Imobili\u00e1ria Atual\",\"image\":{\"@type\":\"ImageObject\",\"inLanguage\":\"pt-BR\",\"@id\":\"https:\\\/\\\/secure.gravatar.com\\\/avatar\\\/9c1229534b7f7218125b39b8768206dcea992d64b28dcbcfa769d46c13ec3bcb?s=96&d=mm&r=g\",\"url\":\"https:\\\/\\\/secure.gravatar.com\\\/avatar\\\/9c1229534b7f7218125b39b8768206dcea992d64b28dcbcfa769d46c13ec3bcb?s=96&d=mm&r=g\",\"contentUrl\":\"https:\\\/\\\/secure.gravatar.com\\\/avatar\\\/9c1229534b7f7218125b39b8768206dcea992d64b28dcbcfa769d46c13ec3bcb?s=96&d=mm&r=g\",\"caption\":\"Imobili\u00e1ria Atual\"}}]}<\/script>\n<!-- \/ Yoast SEO plugin. -->","yoast_head_json":{"title":"Est\u00e1 caro o valor do condom\u00ednio? Veja como analisar essa quest\u00e3o - Revista Atual","description":"Antes de questionar a taxa condominial, \u00e9 essencial entender como ela \u00e9 calculada, sua base legal e quais despesas ela cobre. Confira.","robots":{"index":"index","follow":"follow","max-snippet":"max-snippet:-1","max-image-preview":"max-image-preview:large","max-video-preview":"max-video-preview:-1"},"canonical":"https:\/\/www.imobiliariaatual.com.br\/blog\/esta-caro-o-valor-do-condominio-veja-como-analisar-essa-questao\/","og_locale":"pt_BR","og_type":"article","og_title":"Est\u00e1 caro o valor do condom\u00ednio? Veja como analisar essa quest\u00e3o - Revista Atual","og_description":"Antes de questionar a taxa condominial, \u00e9 essencial entender como ela \u00e9 calculada, sua base legal e quais despesas ela cobre. Confira.","og_url":"https:\/\/www.imobiliariaatual.com.br\/blog\/esta-caro-o-valor-do-condominio-veja-como-analisar-essa-questao\/","og_site_name":"Revista Atual","article_publisher":"https:\/\/www.facebook.com\/Imobiliariaatuallondrina\/","article_published_time":"2025-06-02T19:57:57+00:00","article_modified_time":"2025-06-26T17:58:39+00:00","og_image":[{"width":700,"height":394,"url":"https:\/\/www.imobiliariaatual.com.br\/blog\/wp-content\/uploads\/2025\/06\/Copia-de-Imagens-2000-x-2000-px-1920-x-1080-px-700x394.png","type":"image\/png"}],"author":"Imobili\u00e1ria Atual","twitter_card":"summary_large_image","twitter_misc":{"Escrito por":"Imobili\u00e1ria Atual","Est. tempo de leitura":"6 minutos"},"schema":{"@context":"https:\/\/schema.org","@graph":[{"@type":"Article","@id":"https:\/\/www.imobiliariaatual.com.br\/blog\/esta-caro-o-valor-do-condominio-veja-como-analisar-essa-questao\/#article","isPartOf":{"@id":"https:\/\/www.imobiliariaatual.com.br\/blog\/esta-caro-o-valor-do-condominio-veja-como-analisar-essa-questao\/"},"author":{"name":"Imobili\u00e1ria Atual","@id":"https:\/\/www.imobiliariaatual.com.br\/blog\/#\/schema\/person\/a05b0c0c2a5de889f67dbcd8ac0464b1"},"headline":"Est\u00e1 caro o valor do condom\u00ednio? Veja como analisar essa quest\u00e3o","datePublished":"2025-06-02T19:57:57+00:00","dateModified":"2025-06-26T17:58:39+00:00","mainEntityOfPage":{"@id":"https:\/\/www.imobiliariaatual.com.br\/blog\/esta-caro-o-valor-do-condominio-veja-como-analisar-essa-questao\/"},"wordCount":1079,"commentCount":0,"publisher":{"@id":"https:\/\/www.imobiliariaatual.com.br\/blog\/#organization"},"image":{"@id":"https:\/\/www.imobiliariaatual.com.br\/blog\/esta-caro-o-valor-do-condominio-veja-como-analisar-essa-questao\/#primaryimage"},"thumbnailUrl":"https:\/\/www.imobiliariaatual.com.br\/blog\/wp-content\/uploads\/2025\/06\/Copia-de-Imagens-2000-x-2000-px-1920-x-1080-px.png","keywords":["#aluguel","#condom\u00ednio","#imobiliaria","#imobiliariaatual","#imoveislondrina","#londrina"],"articleSection":["Economia"],"inLanguage":"pt-BR","potentialAction":[{"@type":"CommentAction","name":"Comment","target":["https:\/\/www.imobiliariaatual.com.br\/blog\/esta-caro-o-valor-do-condominio-veja-como-analisar-essa-questao\/#respond"]}]},{"@type":"WebPage","@id":"https:\/\/www.imobiliariaatual.com.br\/blog\/esta-caro-o-valor-do-condominio-veja-como-analisar-essa-questao\/","url":"https:\/\/www.imobiliariaatual.com.br\/blog\/esta-caro-o-valor-do-condominio-veja-como-analisar-essa-questao\/","name":"Est\u00e1 caro o valor do condom\u00ednio? Veja como analisar essa quest\u00e3o - Revista Atual","isPartOf":{"@id":"https:\/\/www.imobiliariaatual.com.br\/blog\/#website"},"primaryImageOfPage":{"@id":"https:\/\/www.imobiliariaatual.com.br\/blog\/esta-caro-o-valor-do-condominio-veja-como-analisar-essa-questao\/#primaryimage"},"image":{"@id":"https:\/\/www.imobiliariaatual.com.br\/blog\/esta-caro-o-valor-do-condominio-veja-como-analisar-essa-questao\/#primaryimage"},"thumbnailUrl":"https:\/\/www.imobiliariaatual.com.br\/blog\/wp-content\/uploads\/2025\/06\/Copia-de-Imagens-2000-x-2000-px-1920-x-1080-px.png","datePublished":"2025-06-02T19:57:57+00:00","dateModified":"2025-06-26T17:58:39+00:00","description":"Antes de questionar a taxa condominial, \u00e9 essencial entender como ela \u00e9 calculada, sua base legal e quais despesas ela cobre. Confira.","breadcrumb":{"@id":"https:\/\/www.imobiliariaatual.com.br\/blog\/esta-caro-o-valor-do-condominio-veja-como-analisar-essa-questao\/#breadcrumb"},"inLanguage":"pt-BR","potentialAction":[{"@type":"ReadAction","target":["https:\/\/www.imobiliariaatual.com.br\/blog\/esta-caro-o-valor-do-condominio-veja-como-analisar-essa-questao\/"]}]},{"@type":"ImageObject","inLanguage":"pt-BR","@id":"https:\/\/www.imobiliariaatual.com.br\/blog\/esta-caro-o-valor-do-condominio-veja-como-analisar-essa-questao\/#primaryimage","url":"https:\/\/www.imobiliariaatual.com.br\/blog\/wp-content\/uploads\/2025\/06\/Copia-de-Imagens-2000-x-2000-px-1920-x-1080-px.png","contentUrl":"https:\/\/www.imobiliariaatual.com.br\/blog\/wp-content\/uploads\/2025\/06\/Copia-de-Imagens-2000-x-2000-px-1920-x-1080-px.png","width":1920,"height":1080},{"@type":"BreadcrumbList","@id":"https:\/\/www.imobiliariaatual.com.br\/blog\/esta-caro-o-valor-do-condominio-veja-como-analisar-essa-questao\/#breadcrumb","itemListElement":[{"@type":"ListItem","position":1,"name":"In\u00edcio","item":"https:\/\/www.imobiliariaatual.com.br\/blog\/"},{"@type":"ListItem","position":2,"name":"Est\u00e1 caro o valor do condom\u00ednio? Veja como analisar essa quest\u00e3o"}]},{"@type":"WebSite","@id":"https:\/\/www.imobiliariaatual.com.br\/blog\/#website","url":"https:\/\/www.imobiliariaatual.com.br\/blog\/","name":"Revista Atual","description":"Revista Atual","publisher":{"@id":"https:\/\/www.imobiliariaatual.com.br\/blog\/#organization"},"potentialAction":[{"@type":"SearchAction","target":{"@type":"EntryPoint","urlTemplate":"https:\/\/www.imobiliariaatual.com.br\/blog\/?s={search_term_string}"},"query-input":{"@type":"PropertyValueSpecification","valueRequired":true,"valueName":"search_term_string"}}],"inLanguage":"pt-BR"},{"@type":"Organization","@id":"https:\/\/www.imobiliariaatual.com.br\/blog\/#organization","name":"Imobili\u00e1ria Atual","url":"https:\/\/www.imobiliariaatual.com.br\/blog\/","logo":{"@type":"ImageObject","inLanguage":"pt-BR","@id":"https:\/\/www.imobiliariaatual.com.br\/blog\/#\/schema\/logo\/image\/","url":"https:\/\/www.imobiliariaatual.com.br\/blog\/wp-content\/uploads\/2021\/02\/logo-print.png","contentUrl":"https:\/\/www.imobiliariaatual.com.br\/blog\/wp-content\/uploads\/2021\/02\/logo-print.png","width":193,"height":60,"caption":"Imobili\u00e1ria Atual"},"image":{"@id":"https:\/\/www.imobiliariaatual.com.br\/blog\/#\/schema\/logo\/image\/"},"sameAs":["https:\/\/www.facebook.com\/Imobiliariaatuallondrina\/","https:\/\/www.instagram.com\/imobiliariaatual\/","https:\/\/www.imobiliariaatual.com.br\/blog\/imobiliaria-atual-lanca-um-novo-site\/","https:\/\/www.youtube.com\/channel\/UCGTDKPROSOnTrNzFZM5hE0A"]},{"@type":"Person","@id":"https:\/\/www.imobiliariaatual.com.br\/blog\/#\/schema\/person\/a05b0c0c2a5de889f67dbcd8ac0464b1","name":"Imobili\u00e1ria Atual","image":{"@type":"ImageObject","inLanguage":"pt-BR","@id":"https:\/\/secure.gravatar.com\/avatar\/9c1229534b7f7218125b39b8768206dcea992d64b28dcbcfa769d46c13ec3bcb?s=96&d=mm&r=g","url":"https:\/\/secure.gravatar.com\/avatar\/9c1229534b7f7218125b39b8768206dcea992d64b28dcbcfa769d46c13ec3bcb?s=96&d=mm&r=g","contentUrl":"https:\/\/secure.gravatar.com\/avatar\/9c1229534b7f7218125b39b8768206dcea992d64b28dcbcfa769d46c13ec3bcb?s=96&d=mm&r=g","caption":"Imobili\u00e1ria Atual"}}]}},"_links":{"self":[{"href":"https:\/\/www.imobiliariaatual.com.br\/blog\/wp-json\/wp\/v2\/posts\/625","targetHints":{"allow":["GET"]}}],"collection":[{"href":"https:\/\/www.imobiliariaatual.com.br\/blog\/wp-json\/wp\/v2\/posts"}],"about":[{"href":"https:\/\/www.imobiliariaatual.com.br\/blog\/wp-json\/wp\/v2\/types\/post"}],"author":[{"embeddable":true,"href":"https:\/\/www.imobiliariaatual.com.br\/blog\/wp-json\/wp\/v2\/users\/3"}],"replies":[{"embeddable":true,"href":"https:\/\/www.imobiliariaatual.com.br\/blog\/wp-json\/wp\/v2\/comments?post=625"}],"version-history":[{"count":2,"href":"https:\/\/www.imobiliariaatual.com.br\/blog\/wp-json\/wp\/v2\/posts\/625\/revisions"}],"predecessor-version":[{"id":638,"href":"https:\/\/www.imobiliariaatual.com.br\/blog\/wp-json\/wp\/v2\/posts\/625\/revisions\/638"}],"wp:featuredmedia":[{"embeddable":true,"href":"https:\/\/www.imobiliariaatual.com.br\/blog\/wp-json\/wp\/v2\/media\/626"}],"wp:attachment":[{"href":"https:\/\/www.imobiliariaatual.com.br\/blog\/wp-json\/wp\/v2\/media?parent=625"}],"wp:term":[{"taxonomy":"category","embeddable":true,"href":"https:\/\/www.imobiliariaatual.com.br\/blog\/wp-json\/wp\/v2\/categories?post=625"},{"taxonomy":"post_tag","embeddable":true,"href":"https:\/\/www.imobiliariaatual.com.br\/blog\/wp-json\/wp\/v2\/tags?post=625"}],"curies":[{"name":"wp","href":"https:\/\/api.w.org\/{rel}","templated":true}]}}