{"id":617,"date":"2025-04-23T14:00:45","date_gmt":"2025-04-23T17:00:45","guid":{"rendered":"https:\/\/www.imobiliariaatual.com.br\/blog\/?p=617"},"modified":"2025-04-25T10:03:32","modified_gmt":"2025-04-25T13:03:32","slug":"vender-ou-colocar-o-imovel-para-locacao","status":"publish","type":"post","link":"https:\/\/www.imobiliariaatual.com.br\/blog\/vender-ou-colocar-o-imovel-para-locacao\/","title":{"rendered":"Esperar o im\u00f3vel vender ou colocar para loca\u00e7\u00e3o: o que mais compensa?"},"content":{"rendered":"\n<p>Quando um propriet\u00e1rio decide vender seu im\u00f3vel, a jornada pode ser mais longa do que o esperado. Encontrar o comprador ideal, negociar o pre\u00e7o, ajustar a documenta\u00e7\u00e3o, aprovar o cr\u00e9dito&#8230; tudo isso leva tempo. E, enquanto o im\u00f3vel est\u00e1 vazio, pode haver custos que s\u00f3 aumentam. Nessa situa\u00e7\u00e3o, muitos propriet\u00e1rios se perguntam: &#8220;Vale a pena alugar o im\u00f3vel enquanto aguardo a venda?&#8221;.<\/p>\n\n\n\n<p>Se essa d\u00favida j\u00e1 passou pela sua cabe\u00e7a, esse texto foi feito para voc\u00ea! Acompanhe alguns motivos pelos quais alugar seu im\u00f3vel enquanto espera vender pode ser uma decis\u00e3o inteligente e lucrativa.<\/p>\n\n\n\n<ul class=\"wp-block-list\">\n<li><strong>Renda garantida enquanto aguarda o comprador certo<\/strong><\/li>\n<\/ul>\n\n\n\n<p>Vender um im\u00f3vel pode ser um processo demorado, dependendo do mercado e das circunst\u00e2ncias. Alugar seu im\u00f3vel, por outro lado, oferece uma entrada de dinheiro mensal, ajudando a equilibrar as finan\u00e7as e cobrindo custos cont\u00ednuos como IPTU, condom\u00ednio e manuten\u00e7\u00e3o. Por que esperar passivamente quando voc\u00ea pode gerar receita com a loca\u00e7\u00e3o?<\/p>\n\n\n\n<ul class=\"wp-block-list\">\n<li><strong>Evite os custos de um im\u00f3vel vazio<\/strong><\/li>\n<\/ul>\n\n\n\n<p>Im\u00f3vel vazio n\u00e3o s\u00f3 gera custos fixos sem retorno, como tamb\u00e9m pode acabar desvalorizando. Manter o im\u00f3vel sem uso significa perder a oportunidade de receber uma renda passiva e ainda correr o risco de ele se deteriorar ao longo do tempo. Alugando enquanto espera a venda, voc\u00ea transforma esse custo em benef\u00edcio.<\/p>\n\n\n\n<ul class=\"wp-block-list\">\n<li><strong>Vende e aluga ao mesmo tempo: amplie suas chances<\/strong><\/li>\n<\/ul>\n\n\n\n<p>Voc\u00ea sabia que pode anunciar o im\u00f3vel para venda e loca\u00e7\u00e3o simultaneamente? Isso significa que, enquanto aguarda o comprador perfeito, pode garantir uma receita regular com o aluguel. Ao manter essas duas frentes abertas, suas chances de alcan\u00e7ar uma solu\u00e7\u00e3o que atenda \u00e0s suas necessidades aumentam.<\/p>\n\n\n\n<ul class=\"wp-block-list\">\n<li><strong>Aluguel \u00e9 mais r\u00e1pido e simples que venda<\/strong><\/li>\n<\/ul>\n\n\n\n<p>Se o seu objetivo \u00e9 gerar retorno rapidamente, o aluguel \u00e9 uma op\u00e7\u00e3o mais \u00e1gil do que a venda. O processo de loca\u00e7\u00e3o costuma ser mais simples e r\u00e1pido, com menos burocracia do que as negocia\u00e7\u00f5es de venda. Em poucos dias, voc\u00ea pode ter o im\u00f3vel alugado e come\u00e7ar a receber o pagamento do inquilino.<\/p>\n\n\n\n<ul class=\"wp-block-list\">\n<li><strong>Valorize seu im\u00f3vel enquanto espera a venda<\/strong><\/li>\n<\/ul>\n\n\n\n<p>Com o tempo, seu im\u00f3vel pode se valorizar naturalmente. Alugar o im\u00f3vel enquanto o vende pode ser uma estrat\u00e9gia inteligente para aproveitar esse crescimento de valor. Al\u00e9m disso, a experi\u00eancia do inquilino pode trazer insights sobre pequenas melhorias que podem aumentar ainda mais o pre\u00e7o de mercado do im\u00f3vel quando a venda finalmente acontecer.<\/p>\n\n\n\n<p><strong>E se eu quiser vender meu im\u00f3vel com o inquilino morando nele?<\/strong><\/p>\n\n\n\n<p>Muitos propriet\u00e1rios se perguntam se podem vender o im\u00f3vel enquanto ele est\u00e1 alugado. A boa not\u00edcia \u00e9 que sim, isso \u00e9 poss\u00edvel! No entanto, \u00e9 necess\u00e1rio respeitar alguns detalhes legais.<\/p>\n\n\n\n<p>Primeiro, \u00e9 importante destacar o direito de prefer\u00eancia do locat\u00e1rio. Isso significa que, se o propriet\u00e1rio decidir vender o im\u00f3vel, o locat\u00e1rio tem o direito de ser o primeiro a receber a proposta de compra. O propriet\u00e1rio deve apresentar ao inquilino todas as condi\u00e7\u00f5es da venda, como pre\u00e7o, prazos e forma de pagamento. Se o locat\u00e1rio n\u00e3o tiver interesse ou n\u00e3o responder em at\u00e9 30 (trinta) dias, o im\u00f3vel pode ser vendido a terceiros.<\/p>\n\n\n\n<p>Caso o direito de prefer\u00eancia n\u00e3o seja respeitado, o locat\u00e1rio pode buscar repara\u00e7\u00e3o judicial. Al\u00e9m disso, caso a venda aconte\u00e7a, o novo propriet\u00e1rio pode decidir manter ou n\u00e3o o contrato de loca\u00e7\u00e3o. Se optar por n\u00e3o manter o inquilino, ele deve conceder um prazo de 90 dias para a desocupa\u00e7\u00e3o. Caso o contrato de loca\u00e7\u00e3o seja por prazo determinado e esteja registrado na matr\u00edcula do im\u00f3vel, o novo propriet\u00e1rio precisar\u00e1 respeitar o contrato at\u00e9 o fim.<\/p>\n\n\n\n<p>Outro ponto importante<strong>: o locat\u00e1rio deve permitir visitas de potenciais compradores, desde que essas sejam previamente comunicadas e agendadas, respeitando sua privacidade.<\/strong><\/p>\n\n\n\n<p><strong>E se o propriet\u00e1rio desistir da venda depois de informar o inquilino?<\/strong><\/p>\n\n\n\n<p>Se o propriet\u00e1rio desistir de vender o im\u00f3vel ap\u00f3s ter comunicado ao inquilino, o locat\u00e1rio pode buscar uma indeniza\u00e7\u00e3o, caso comprove que sofreu algum preju\u00edzo por conta disso. Para que a desist\u00eancia n\u00e3o seja considerada um abuso de direito, o propriet\u00e1rio deve demonstrar que houve motivos leg\u00edtimos para a mudan\u00e7a de planos, como for\u00e7a maior ou caso fortuito.<\/p>\n\n\n\n<p><strong>Posso colocar meu im\u00f3vel para vender e para alugar ao mesmo tempo?<\/strong><\/p>\n\n\n\n<p>Sim, voc\u00ea pode! Anunciar seu im\u00f3vel para venda e loca\u00e7\u00e3o ao mesmo tempo \u00e9 perfeitamente vi\u00e1vel. No entanto, lembre-se de comunicar ao inquilino sobre o direito de prefer\u00eancia de compra, conforme estabelece a Lei do Inquilinato. Isso garante que voc\u00ea esteja agindo de forma transparente e legal, protegendo seus direitos e os do inquilino.<\/p>\n\n\n\n<p>Com essa estrat\u00e9gia, voc\u00ea amplia suas possibilidades de encontrar a melhor solu\u00e7\u00e3o para o seu im\u00f3vel, seja por meio da venda ou da loca\u00e7\u00e3o. O aluguel pode ser uma forma de garantir um fluxo de caixa enquanto aguarda o comprador ideal.<\/p>\n\n\n\n<p>Em resumo, alugar o im\u00f3vel enquanto aguarda a venda pode ser uma excelente alternativa para quem quer gerar lucro com o im\u00f3vel, evitar preju\u00edzos e ainda maximizar o valor de venda ao longo do tempo. No entanto, \u00e9 essencial conhecer seus direitos e deveres, tanto como locador quanto em rela\u00e7\u00e3o ao locat\u00e1rio, para garantir que tudo seja feito de forma legal e vantajosa.<\/p>\n\n\n\n<p>Gostou do conte\u00fado? Se voc\u00ea ainda est\u00e1 em d\u00favida sobre o que fazer com seu im\u00f3vel, <strong><a href=\"https:\/\/shre.ink\/McHj\">clique aqui e fale conosco<\/a><\/strong>. Vamos te ajudar a tomar a melhor decis\u00e3o para o seu im\u00f3vel! Al\u00e9m disso, n\u00e3o deixe de conferir tamb\u00e9m o nosso artigo anterior tamb\u00e9m sobre esse tema: <strong><a href=\"https:\/\/www.imobiliariaatual.com.br\/blog\/possodeixaroimovelparavenderealugaraomesmotempo\/\">\u201cPosso deixar meu im\u00f3vel para venda e alugar ao mesmo tempo?\u201d<\/a><\/strong>. Ele pode trazer mais informa\u00e7\u00f5es para te ajudar a tomar a melhor decis\u00e3o!<\/p>\n\n\n\n<p><\/p>\n","protected":false},"excerpt":{"rendered":"<p>Quando um propriet\u00e1rio decide vender seu im\u00f3vel, a jornada pode ser mais longa do que o esperado. Encontrar o comprador [&hellip;]<\/p>\n","protected":false},"author":3,"featured_media":618,"comment_status":"open","ping_status":"open","sticky":true,"template":"","format":"standard","meta":{"footnotes":""},"categories":[5],"tags":[48,63,69,70,39,54,102],"class_list":["post-617","post","type-post","status-publish","format-standard","has-post-thumbnail","hentry","category-economia","tag-aluguel","tag-comprarimovel","tag-imobiliaria","tag-imobiliariaatual","tag-imoveislondrina","tag-londrina","tag-venda-2"],"yoast_head":"<!-- This site is optimized with the Yoast SEO plugin v27.5 - https:\/\/yoast.com\/product\/yoast-seo-wordpress\/ -->\n<title>Esperar o im\u00f3vel vender ou colocar para loca\u00e7\u00e3o: o que mais compensa? - Revista Atual<\/title>\n<meta name=\"description\" content=\"Colocar um im\u00f3vel \u00e0 venda pode levar tempo e gerar custos enquanto ele permanece vazio. Por isso a loca\u00e7\u00e3o \u00e9 uma op\u00e7\u00e3o, mas vale a pena?\" \/>\n<meta name=\"robots\" content=\"index, follow, max-snippet:-1, max-image-preview:large, max-video-preview:-1\" \/>\n<link rel=\"canonical\" href=\"https:\/\/www.imobiliariaatual.com.br\/blog\/vender-ou-colocar-o-imovel-para-locacao\/\" \/>\n<meta property=\"og:locale\" content=\"pt_BR\" \/>\n<meta property=\"og:type\" content=\"article\" \/>\n<meta property=\"og:title\" content=\"Esperar o im\u00f3vel vender ou colocar para loca\u00e7\u00e3o: o que mais compensa? - Revista Atual\" \/>\n<meta property=\"og:description\" content=\"Colocar um im\u00f3vel \u00e0 venda pode levar tempo e gerar custos enquanto ele permanece vazio. Por isso a loca\u00e7\u00e3o \u00e9 uma op\u00e7\u00e3o, mas vale a pena?\" \/>\n<meta property=\"og:url\" content=\"https:\/\/www.imobiliariaatual.com.br\/blog\/vender-ou-colocar-o-imovel-para-locacao\/\" \/>\n<meta property=\"og:site_name\" content=\"Revista Atual\" \/>\n<meta property=\"article:publisher\" content=\"https:\/\/www.facebook.com\/Imobiliariaatuallondrina\/\" \/>\n<meta property=\"article:published_time\" content=\"2025-04-23T17:00:45+00:00\" \/>\n<meta property=\"article:modified_time\" content=\"2025-04-25T13:03:32+00:00\" \/>\n<meta property=\"og:image\" content=\"https:\/\/www.imobiliariaatual.com.br\/blog\/wp-content\/uploads\/2025\/04\/Copia-de-Copia-de-Treinamento.png\" \/>\n\t<meta property=\"og:image:width\" content=\"1920\" \/>\n\t<meta property=\"og:image:height\" content=\"1080\" \/>\n\t<meta property=\"og:image:type\" content=\"image\/png\" \/>\n<meta name=\"author\" content=\"Imobili\u00e1ria Atual\" \/>\n<meta name=\"twitter:card\" content=\"summary_large_image\" \/>\n<meta name=\"twitter:label1\" content=\"Escrito por\" \/>\n\t<meta name=\"twitter:data1\" content=\"Imobili\u00e1ria Atual\" \/>\n\t<meta name=\"twitter:label2\" content=\"Est. tempo de leitura\" \/>\n\t<meta name=\"twitter:data2\" content=\"6 minutos\" \/>\n<script type=\"application\/ld+json\" class=\"yoast-schema-graph\">{\"@context\":\"https:\\\/\\\/schema.org\",\"@graph\":[{\"@type\":\"Article\",\"@id\":\"https:\\\/\\\/www.imobiliariaatual.com.br\\\/blog\\\/vender-ou-colocar-o-imovel-para-locacao\\\/#article\",\"isPartOf\":{\"@id\":\"https:\\\/\\\/www.imobiliariaatual.com.br\\\/blog\\\/vender-ou-colocar-o-imovel-para-locacao\\\/\"},\"author\":{\"name\":\"Imobili\u00e1ria Atual\",\"@id\":\"https:\\\/\\\/www.imobiliariaatual.com.br\\\/blog\\\/#\\\/schema\\\/person\\\/a05b0c0c2a5de889f67dbcd8ac0464b1\"},\"headline\":\"Esperar o im\u00f3vel vender ou colocar para loca\u00e7\u00e3o: o que mais compensa?\",\"datePublished\":\"2025-04-23T17:00:45+00:00\",\"dateModified\":\"2025-04-25T13:03:32+00:00\",\"mainEntityOfPage\":{\"@id\":\"https:\\\/\\\/www.imobiliariaatual.com.br\\\/blog\\\/vender-ou-colocar-o-imovel-para-locacao\\\/\"},\"wordCount\":1039,\"commentCount\":0,\"publisher\":{\"@id\":\"https:\\\/\\\/www.imobiliariaatual.com.br\\\/blog\\\/#organization\"},\"image\":{\"@id\":\"https:\\\/\\\/www.imobiliariaatual.com.br\\\/blog\\\/vender-ou-colocar-o-imovel-para-locacao\\\/#primaryimage\"},\"thumbnailUrl\":\"https:\\\/\\\/www.imobiliariaatual.com.br\\\/blog\\\/wp-content\\\/uploads\\\/2025\\\/04\\\/Copia-de-Copia-de-Treinamento.png\",\"keywords\":[\"#aluguel\",\"#comprarimovel\",\"#imobiliaria\",\"#imobiliariaatual\",\"#imoveislondrina\",\"#londrina\",\"#venda\"],\"articleSection\":[\"Economia\"],\"inLanguage\":\"pt-BR\",\"potentialAction\":[{\"@type\":\"CommentAction\",\"name\":\"Comment\",\"target\":[\"https:\\\/\\\/www.imobiliariaatual.com.br\\\/blog\\\/vender-ou-colocar-o-imovel-para-locacao\\\/#respond\"]}]},{\"@type\":\"WebPage\",\"@id\":\"https:\\\/\\\/www.imobiliariaatual.com.br\\\/blog\\\/vender-ou-colocar-o-imovel-para-locacao\\\/\",\"url\":\"https:\\\/\\\/www.imobiliariaatual.com.br\\\/blog\\\/vender-ou-colocar-o-imovel-para-locacao\\\/\",\"name\":\"Esperar o im\u00f3vel vender ou colocar para loca\u00e7\u00e3o: o que mais compensa? - Revista Atual\",\"isPartOf\":{\"@id\":\"https:\\\/\\\/www.imobiliariaatual.com.br\\\/blog\\\/#website\"},\"primaryImageOfPage\":{\"@id\":\"https:\\\/\\\/www.imobiliariaatual.com.br\\\/blog\\\/vender-ou-colocar-o-imovel-para-locacao\\\/#primaryimage\"},\"image\":{\"@id\":\"https:\\\/\\\/www.imobiliariaatual.com.br\\\/blog\\\/vender-ou-colocar-o-imovel-para-locacao\\\/#primaryimage\"},\"thumbnailUrl\":\"https:\\\/\\\/www.imobiliariaatual.com.br\\\/blog\\\/wp-content\\\/uploads\\\/2025\\\/04\\\/Copia-de-Copia-de-Treinamento.png\",\"datePublished\":\"2025-04-23T17:00:45+00:00\",\"dateModified\":\"2025-04-25T13:03:32+00:00\",\"description\":\"Colocar um im\u00f3vel \u00e0 venda pode levar tempo e gerar custos enquanto ele permanece vazio. Por isso a loca\u00e7\u00e3o \u00e9 uma op\u00e7\u00e3o, mas vale a pena?\",\"breadcrumb\":{\"@id\":\"https:\\\/\\\/www.imobiliariaatual.com.br\\\/blog\\\/vender-ou-colocar-o-imovel-para-locacao\\\/#breadcrumb\"},\"inLanguage\":\"pt-BR\",\"potentialAction\":[{\"@type\":\"ReadAction\",\"target\":[\"https:\\\/\\\/www.imobiliariaatual.com.br\\\/blog\\\/vender-ou-colocar-o-imovel-para-locacao\\\/\"]}]},{\"@type\":\"ImageObject\",\"inLanguage\":\"pt-BR\",\"@id\":\"https:\\\/\\\/www.imobiliariaatual.com.br\\\/blog\\\/vender-ou-colocar-o-imovel-para-locacao\\\/#primaryimage\",\"url\":\"https:\\\/\\\/www.imobiliariaatual.com.br\\\/blog\\\/wp-content\\\/uploads\\\/2025\\\/04\\\/Copia-de-Copia-de-Treinamento.png\",\"contentUrl\":\"https:\\\/\\\/www.imobiliariaatual.com.br\\\/blog\\\/wp-content\\\/uploads\\\/2025\\\/04\\\/Copia-de-Copia-de-Treinamento.png\",\"width\":1920,\"height\":1080},{\"@type\":\"BreadcrumbList\",\"@id\":\"https:\\\/\\\/www.imobiliariaatual.com.br\\\/blog\\\/vender-ou-colocar-o-imovel-para-locacao\\\/#breadcrumb\",\"itemListElement\":[{\"@type\":\"ListItem\",\"position\":1,\"name\":\"In\u00edcio\",\"item\":\"https:\\\/\\\/www.imobiliariaatual.com.br\\\/blog\\\/\"},{\"@type\":\"ListItem\",\"position\":2,\"name\":\"Esperar o im\u00f3vel vender ou colocar para loca\u00e7\u00e3o: o que mais compensa?\"}]},{\"@type\":\"WebSite\",\"@id\":\"https:\\\/\\\/www.imobiliariaatual.com.br\\\/blog\\\/#website\",\"url\":\"https:\\\/\\\/www.imobiliariaatual.com.br\\\/blog\\\/\",\"name\":\"Revista Atual\",\"description\":\"Revista Atual\",\"publisher\":{\"@id\":\"https:\\\/\\\/www.imobiliariaatual.com.br\\\/blog\\\/#organization\"},\"potentialAction\":[{\"@type\":\"SearchAction\",\"target\":{\"@type\":\"EntryPoint\",\"urlTemplate\":\"https:\\\/\\\/www.imobiliariaatual.com.br\\\/blog\\\/?s={search_term_string}\"},\"query-input\":{\"@type\":\"PropertyValueSpecification\",\"valueRequired\":true,\"valueName\":\"search_term_string\"}}],\"inLanguage\":\"pt-BR\"},{\"@type\":\"Organization\",\"@id\":\"https:\\\/\\\/www.imobiliariaatual.com.br\\\/blog\\\/#organization\",\"name\":\"Imobili\u00e1ria Atual\",\"url\":\"https:\\\/\\\/www.imobiliariaatual.com.br\\\/blog\\\/\",\"logo\":{\"@type\":\"ImageObject\",\"inLanguage\":\"pt-BR\",\"@id\":\"https:\\\/\\\/www.imobiliariaatual.com.br\\\/blog\\\/#\\\/schema\\\/logo\\\/image\\\/\",\"url\":\"https:\\\/\\\/www.imobiliariaatual.com.br\\\/blog\\\/wp-content\\\/uploads\\\/2021\\\/02\\\/logo-print.png\",\"contentUrl\":\"https:\\\/\\\/www.imobiliariaatual.com.br\\\/blog\\\/wp-content\\\/uploads\\\/2021\\\/02\\\/logo-print.png\",\"width\":193,\"height\":60,\"caption\":\"Imobili\u00e1ria Atual\"},\"image\":{\"@id\":\"https:\\\/\\\/www.imobiliariaatual.com.br\\\/blog\\\/#\\\/schema\\\/logo\\\/image\\\/\"},\"sameAs\":[\"https:\\\/\\\/www.facebook.com\\\/Imobiliariaatuallondrina\\\/\",\"https:\\\/\\\/www.instagram.com\\\/imobiliariaatual\\\/\",\"https:\\\/\\\/www.imobiliariaatual.com.br\\\/blog\\\/imobiliaria-atual-lanca-um-novo-site\\\/\",\"https:\\\/\\\/www.youtube.com\\\/channel\\\/UCGTDKPROSOnTrNzFZM5hE0A\"]},{\"@type\":\"Person\",\"@id\":\"https:\\\/\\\/www.imobiliariaatual.com.br\\\/blog\\\/#\\\/schema\\\/person\\\/a05b0c0c2a5de889f67dbcd8ac0464b1\",\"name\":\"Imobili\u00e1ria Atual\",\"image\":{\"@type\":\"ImageObject\",\"inLanguage\":\"pt-BR\",\"@id\":\"https:\\\/\\\/secure.gravatar.com\\\/avatar\\\/9c1229534b7f7218125b39b8768206dcea992d64b28dcbcfa769d46c13ec3bcb?s=96&d=mm&r=g\",\"url\":\"https:\\\/\\\/secure.gravatar.com\\\/avatar\\\/9c1229534b7f7218125b39b8768206dcea992d64b28dcbcfa769d46c13ec3bcb?s=96&d=mm&r=g\",\"contentUrl\":\"https:\\\/\\\/secure.gravatar.com\\\/avatar\\\/9c1229534b7f7218125b39b8768206dcea992d64b28dcbcfa769d46c13ec3bcb?s=96&d=mm&r=g\",\"caption\":\"Imobili\u00e1ria Atual\"}}]}<\/script>\n<!-- \/ Yoast SEO plugin. -->","yoast_head_json":{"title":"Esperar o im\u00f3vel vender ou colocar para loca\u00e7\u00e3o: o que mais compensa? - Revista Atual","description":"Colocar um im\u00f3vel \u00e0 venda pode levar tempo e gerar custos enquanto ele permanece vazio. Por isso a loca\u00e7\u00e3o \u00e9 uma op\u00e7\u00e3o, mas vale a pena?","robots":{"index":"index","follow":"follow","max-snippet":"max-snippet:-1","max-image-preview":"max-image-preview:large","max-video-preview":"max-video-preview:-1"},"canonical":"https:\/\/www.imobiliariaatual.com.br\/blog\/vender-ou-colocar-o-imovel-para-locacao\/","og_locale":"pt_BR","og_type":"article","og_title":"Esperar o im\u00f3vel vender ou colocar para loca\u00e7\u00e3o: o que mais compensa? - Revista Atual","og_description":"Colocar um im\u00f3vel \u00e0 venda pode levar tempo e gerar custos enquanto ele permanece vazio. Por isso a loca\u00e7\u00e3o \u00e9 uma op\u00e7\u00e3o, mas vale a pena?","og_url":"https:\/\/www.imobiliariaatual.com.br\/blog\/vender-ou-colocar-o-imovel-para-locacao\/","og_site_name":"Revista Atual","article_publisher":"https:\/\/www.facebook.com\/Imobiliariaatuallondrina\/","article_published_time":"2025-04-23T17:00:45+00:00","article_modified_time":"2025-04-25T13:03:32+00:00","og_image":[{"width":1920,"height":1080,"url":"https:\/\/www.imobiliariaatual.com.br\/blog\/wp-content\/uploads\/2025\/04\/Copia-de-Copia-de-Treinamento.png","type":"image\/png"}],"author":"Imobili\u00e1ria Atual","twitter_card":"summary_large_image","twitter_misc":{"Escrito por":"Imobili\u00e1ria Atual","Est. tempo de leitura":"6 minutos"},"schema":{"@context":"https:\/\/schema.org","@graph":[{"@type":"Article","@id":"https:\/\/www.imobiliariaatual.com.br\/blog\/vender-ou-colocar-o-imovel-para-locacao\/#article","isPartOf":{"@id":"https:\/\/www.imobiliariaatual.com.br\/blog\/vender-ou-colocar-o-imovel-para-locacao\/"},"author":{"name":"Imobili\u00e1ria Atual","@id":"https:\/\/www.imobiliariaatual.com.br\/blog\/#\/schema\/person\/a05b0c0c2a5de889f67dbcd8ac0464b1"},"headline":"Esperar o im\u00f3vel vender ou colocar para loca\u00e7\u00e3o: o que mais compensa?","datePublished":"2025-04-23T17:00:45+00:00","dateModified":"2025-04-25T13:03:32+00:00","mainEntityOfPage":{"@id":"https:\/\/www.imobiliariaatual.com.br\/blog\/vender-ou-colocar-o-imovel-para-locacao\/"},"wordCount":1039,"commentCount":0,"publisher":{"@id":"https:\/\/www.imobiliariaatual.com.br\/blog\/#organization"},"image":{"@id":"https:\/\/www.imobiliariaatual.com.br\/blog\/vender-ou-colocar-o-imovel-para-locacao\/#primaryimage"},"thumbnailUrl":"https:\/\/www.imobiliariaatual.com.br\/blog\/wp-content\/uploads\/2025\/04\/Copia-de-Copia-de-Treinamento.png","keywords":["#aluguel","#comprarimovel","#imobiliaria","#imobiliariaatual","#imoveislondrina","#londrina","#venda"],"articleSection":["Economia"],"inLanguage":"pt-BR","potentialAction":[{"@type":"CommentAction","name":"Comment","target":["https:\/\/www.imobiliariaatual.com.br\/blog\/vender-ou-colocar-o-imovel-para-locacao\/#respond"]}]},{"@type":"WebPage","@id":"https:\/\/www.imobiliariaatual.com.br\/blog\/vender-ou-colocar-o-imovel-para-locacao\/","url":"https:\/\/www.imobiliariaatual.com.br\/blog\/vender-ou-colocar-o-imovel-para-locacao\/","name":"Esperar o im\u00f3vel vender ou colocar para loca\u00e7\u00e3o: o que mais compensa? - Revista Atual","isPartOf":{"@id":"https:\/\/www.imobiliariaatual.com.br\/blog\/#website"},"primaryImageOfPage":{"@id":"https:\/\/www.imobiliariaatual.com.br\/blog\/vender-ou-colocar-o-imovel-para-locacao\/#primaryimage"},"image":{"@id":"https:\/\/www.imobiliariaatual.com.br\/blog\/vender-ou-colocar-o-imovel-para-locacao\/#primaryimage"},"thumbnailUrl":"https:\/\/www.imobiliariaatual.com.br\/blog\/wp-content\/uploads\/2025\/04\/Copia-de-Copia-de-Treinamento.png","datePublished":"2025-04-23T17:00:45+00:00","dateModified":"2025-04-25T13:03:32+00:00","description":"Colocar um im\u00f3vel \u00e0 venda pode levar tempo e gerar custos enquanto ele permanece vazio. Por isso a loca\u00e7\u00e3o \u00e9 uma op\u00e7\u00e3o, mas vale a pena?","breadcrumb":{"@id":"https:\/\/www.imobiliariaatual.com.br\/blog\/vender-ou-colocar-o-imovel-para-locacao\/#breadcrumb"},"inLanguage":"pt-BR","potentialAction":[{"@type":"ReadAction","target":["https:\/\/www.imobiliariaatual.com.br\/blog\/vender-ou-colocar-o-imovel-para-locacao\/"]}]},{"@type":"ImageObject","inLanguage":"pt-BR","@id":"https:\/\/www.imobiliariaatual.com.br\/blog\/vender-ou-colocar-o-imovel-para-locacao\/#primaryimage","url":"https:\/\/www.imobiliariaatual.com.br\/blog\/wp-content\/uploads\/2025\/04\/Copia-de-Copia-de-Treinamento.png","contentUrl":"https:\/\/www.imobiliariaatual.com.br\/blog\/wp-content\/uploads\/2025\/04\/Copia-de-Copia-de-Treinamento.png","width":1920,"height":1080},{"@type":"BreadcrumbList","@id":"https:\/\/www.imobiliariaatual.com.br\/blog\/vender-ou-colocar-o-imovel-para-locacao\/#breadcrumb","itemListElement":[{"@type":"ListItem","position":1,"name":"In\u00edcio","item":"https:\/\/www.imobiliariaatual.com.br\/blog\/"},{"@type":"ListItem","position":2,"name":"Esperar o im\u00f3vel vender ou colocar para loca\u00e7\u00e3o: o que mais compensa?"}]},{"@type":"WebSite","@id":"https:\/\/www.imobiliariaatual.com.br\/blog\/#website","url":"https:\/\/www.imobiliariaatual.com.br\/blog\/","name":"Revista Atual","description":"Revista Atual","publisher":{"@id":"https:\/\/www.imobiliariaatual.com.br\/blog\/#organization"},"potentialAction":[{"@type":"SearchAction","target":{"@type":"EntryPoint","urlTemplate":"https:\/\/www.imobiliariaatual.com.br\/blog\/?s={search_term_string}"},"query-input":{"@type":"PropertyValueSpecification","valueRequired":true,"valueName":"search_term_string"}}],"inLanguage":"pt-BR"},{"@type":"Organization","@id":"https:\/\/www.imobiliariaatual.com.br\/blog\/#organization","name":"Imobili\u00e1ria Atual","url":"https:\/\/www.imobiliariaatual.com.br\/blog\/","logo":{"@type":"ImageObject","inLanguage":"pt-BR","@id":"https:\/\/www.imobiliariaatual.com.br\/blog\/#\/schema\/logo\/image\/","url":"https:\/\/www.imobiliariaatual.com.br\/blog\/wp-content\/uploads\/2021\/02\/logo-print.png","contentUrl":"https:\/\/www.imobiliariaatual.com.br\/blog\/wp-content\/uploads\/2021\/02\/logo-print.png","width":193,"height":60,"caption":"Imobili\u00e1ria Atual"},"image":{"@id":"https:\/\/www.imobiliariaatual.com.br\/blog\/#\/schema\/logo\/image\/"},"sameAs":["https:\/\/www.facebook.com\/Imobiliariaatuallondrina\/","https:\/\/www.instagram.com\/imobiliariaatual\/","https:\/\/www.imobiliariaatual.com.br\/blog\/imobiliaria-atual-lanca-um-novo-site\/","https:\/\/www.youtube.com\/channel\/UCGTDKPROSOnTrNzFZM5hE0A"]},{"@type":"Person","@id":"https:\/\/www.imobiliariaatual.com.br\/blog\/#\/schema\/person\/a05b0c0c2a5de889f67dbcd8ac0464b1","name":"Imobili\u00e1ria Atual","image":{"@type":"ImageObject","inLanguage":"pt-BR","@id":"https:\/\/secure.gravatar.com\/avatar\/9c1229534b7f7218125b39b8768206dcea992d64b28dcbcfa769d46c13ec3bcb?s=96&d=mm&r=g","url":"https:\/\/secure.gravatar.com\/avatar\/9c1229534b7f7218125b39b8768206dcea992d64b28dcbcfa769d46c13ec3bcb?s=96&d=mm&r=g","contentUrl":"https:\/\/secure.gravatar.com\/avatar\/9c1229534b7f7218125b39b8768206dcea992d64b28dcbcfa769d46c13ec3bcb?s=96&d=mm&r=g","caption":"Imobili\u00e1ria Atual"}}]}},"_links":{"self":[{"href":"https:\/\/www.imobiliariaatual.com.br\/blog\/wp-json\/wp\/v2\/posts\/617","targetHints":{"allow":["GET"]}}],"collection":[{"href":"https:\/\/www.imobiliariaatual.com.br\/blog\/wp-json\/wp\/v2\/posts"}],"about":[{"href":"https:\/\/www.imobiliariaatual.com.br\/blog\/wp-json\/wp\/v2\/types\/post"}],"author":[{"embeddable":true,"href":"https:\/\/www.imobiliariaatual.com.br\/blog\/wp-json\/wp\/v2\/users\/3"}],"replies":[{"embeddable":true,"href":"https:\/\/www.imobiliariaatual.com.br\/blog\/wp-json\/wp\/v2\/comments?post=617"}],"version-history":[{"count":1,"href":"https:\/\/www.imobiliariaatual.com.br\/blog\/wp-json\/wp\/v2\/posts\/617\/revisions"}],"predecessor-version":[{"id":619,"href":"https:\/\/www.imobiliariaatual.com.br\/blog\/wp-json\/wp\/v2\/posts\/617\/revisions\/619"}],"wp:featuredmedia":[{"embeddable":true,"href":"https:\/\/www.imobiliariaatual.com.br\/blog\/wp-json\/wp\/v2\/media\/618"}],"wp:attachment":[{"href":"https:\/\/www.imobiliariaatual.com.br\/blog\/wp-json\/wp\/v2\/media?parent=617"}],"wp:term":[{"taxonomy":"category","embeddable":true,"href":"https:\/\/www.imobiliariaatual.com.br\/blog\/wp-json\/wp\/v2\/categories?post=617"},{"taxonomy":"post_tag","embeddable":true,"href":"https:\/\/www.imobiliariaatual.com.br\/blog\/wp-json\/wp\/v2\/tags?post=617"}],"curies":[{"name":"wp","href":"https:\/\/api.w.org\/{rel}","templated":true}]}}