{"id":546,"date":"2024-07-31T17:56:18","date_gmt":"2024-07-31T20:56:18","guid":{"rendered":"https:\/\/www.imobiliariaatual.com.br\/blog\/?p=546"},"modified":"2024-07-31T17:56:19","modified_gmt":"2024-07-31T20:56:19","slug":"como-decorar-um-imovel-alugado","status":"publish","type":"post","link":"https:\/\/www.imobiliariaatual.com.br\/blog\/como-decorar-um-imovel-alugado\/","title":{"rendered":"Como decorar um im\u00f3vel alugado?"},"content":{"rendered":"\n<p>Decorar um im\u00f3vel alugado pode ser um desafio, mas com as estrat\u00e9gias corretas, \u00e9 poss\u00edvel transformar o espa\u00e7o em um verdadeiro lar. Consultamos uma arquiteta para compartilhar suas recomenda\u00e7\u00f5es sobre como decorar um im\u00f3vel alugado de maneira pr\u00e1tica e elegante, mantendo a flexibilidade necess\u00e1ria para um ambiente tempor\u00e1rio.<\/p>\n\n\n\n<h4 class=\"wp-block-heading\"><strong>Qual a melhor tinta para apartamento alugado?<\/strong><\/h4>\n\n\n\n<p>Para pintar as paredes de um im\u00f3vel alugado, \u00e9 recomend\u00e1vel o uso de tintas com acabamento fosco. A arquiteta \u00c9rika Daiane Perez explica: &#8220;Tintas foscas enjoam menos e s\u00e3o mais f\u00e1ceis de manter. As tintas de acabamento brilhante tendem a mostrar mais imperfei\u00e7\u00f5es e s\u00e3o menos receptivas a retoques.&#8221; Essa escolha facilita a manuten\u00e7\u00e3o e evita retrabalhos frequentes, mantendo o ambiente sempre com boa apar\u00eancia. Tornando-se uma op\u00e7\u00e3o pr\u00e1tica para inquilinos.<\/p>\n\n\n\n<h4 class=\"wp-block-heading\"><strong>Uso de adesivos e papeis de parede<\/strong><\/h4>\n\n\n\n<p>Adesivos de parede e papeis de parede s\u00e3o excelentes para personalizar um im\u00f3vel alugado sem comprometer as estruturas permanentes. A arquiteta sugere optar por pap\u00e9is de parede neutros e de marcas que utilizam colas de alta qualidade: &#8220;caso precise retir\u00e1-los, n\u00e3o danifica tanto a parede.\u201d<\/p>\n\n\n\n<p>Ao escolher adesivos e papeis de parede, prefira os de f\u00e1cil aplica\u00e7\u00e3o e remo\u00e7\u00e3o. Adesivos de vinil, por exemplo, s\u00e3o ideais para decora\u00e7\u00e3o tempor\u00e1ria, pois podem ser facilmente removidos sem deixar res\u00edduos. Papeis de parede auto adesivos tamb\u00e9m s\u00e3o uma boa op\u00e7\u00e3o, oferecendo uma variedade de designs que podem transformar o ambiente de maneira pr\u00e1tica.<\/p>\n\n\n\n<h4 class=\"wp-block-heading\"><strong>Como melhorar a ac\u00fastica de um im\u00f3vel alugado?<\/strong><\/h4>\n\n\n\n<p>Problemas de ac\u00fastica s\u00e3o comuns e, muitas vezes, a solu\u00e7\u00e3o n\u00e3o envolve reformas estruturais. \u00c9rika destaca as esquadrias anti-ru\u00eddo de sobrepor como uma solu\u00e7\u00e3o eficaz: &#8220;Hoje em dia existem algumas solu\u00e7\u00f5es no mercado, e uma delas s\u00e3o as esquadrias anti-ru\u00eddo de sobrepor. Para instalar n\u00e3o \u00e9 necess\u00e1rio remover a esquadria original.&#8221; Esta \u00e9 uma forma pr\u00e1tica de melhorar o conforto ac\u00fastico sem grandes interven\u00e7\u00f5es.<\/p>\n\n\n\n<p>Al\u00e9m das esquadrias, tapetes grossos, cortinas pesadas e paineis de tecido nas paredes podem ajudar a absorver o som, tornando o ambiente mais silencioso e aconchegante. Outra op\u00e7\u00e3o \u00e9 utilizar m\u00f3veis estofados, como sof\u00e1s e poltronas, que tamb\u00e9m contribuem para a redu\u00e7\u00e3o de ru\u00eddos.<\/p>\n\n\n\n<h4 class=\"wp-block-heading\"><strong>Formas de pendurar objetos<\/strong><\/h4>\n\n\n\n<p>Para pendurar quadros e outros objetos leves nas paredes, a arquiteta recomenda o uso de pregos de corpo fino. &#8220;Os pregos finos causam menos estragos no reboco e s\u00e3o f\u00e1ceis de remover e reparar depois. Apenas lembre-se de usar pregos apropriados para o peso do objeto&#8221;, aconselha. Fitas dupla face, apesar de pr\u00e1ticas, podem danificar a pintura ao serem removidas.<\/p>\n\n\n\n<p>Para itens mais pesados, considere ganchos que utilizam tecnologia de micro ventosas, que oferecem suporte robusto sem necessidade de perfura\u00e7\u00f5es.<\/p>\n\n\n\n<h4 class=\"wp-block-heading\"><strong>Personaliza\u00e7\u00e3o com decora\u00e7\u00f5es remov\u00edveis<\/strong><\/h4>\n\n\n\n<p>Para quem deseja personalizar um im\u00f3vel alugado e levar tudo consigo ao se mudar, a arquiteta sugere investir em itens decorativos que refletem a personalidade do morador. &#8220;Itens de decora\u00e7\u00e3o no geral, buscar sempre coisas mais coringas que voc\u00ea sabe que combina com seu estilo, por exemplo, quem gosta de plantinhas elas s\u00e3o \u00f3timas op\u00e7\u00f5es para transformar o ambiente em um lugar mais &#8216;vivo&#8217;. Investir em uma cortina legal, quando voc\u00ea for ficar um tempo maior no im\u00f3vel; escolher cadeiras de jantar bonitas que enchem o espa\u00e7o; almofadas e tapetes que combinem com sua personalidade.&#8221;<\/p>\n\n\n\n<p>Invista em m\u00f3veis modulares e multifuncionais, que podem ser facilmente adaptados a diferentes espa\u00e7os e necessidades. Estantes abertas, mesas dobr\u00e1veis e camas com armazenamento integrado s\u00e3o exemplos de m\u00f3veis que oferecem praticidade e estilo sem comprometer a mobilidade.<\/p>\n\n\n\n<h4 class=\"wp-block-heading\"><strong>\u00c9 poss\u00edvel deixar um im\u00f3vel alugado mais arejado?<\/strong><\/h4>\n\n\n\n<p>Manter um im\u00f3vel alugado arejado sem realizar grandes reformas \u00e9 poss\u00edvel. \u00c9rika sugere o uso de cores claras tanto nas paredes quanto nos m\u00f3veis: &#8220;Utilizar cores neutras e claras ajudam a manter o ambiente mais fresco, cores escuras absorvem calor, principalmente em pinturas externas ou lugares que s\u00e3o expostos ao sol. Isso tamb\u00e9m vale para a escolha de m\u00f3veis, sempre dando prefer\u00eancia a cores claras. Bastante plantas naturais tamb\u00e9m ajudam com isso.&#8221;<\/p>\n\n\n\n<p>A ventila\u00e7\u00e3o natural \u00e9 crucial para manter o ar fresco. Sempre que poss\u00edvel, mantenha janelas e portas abertas para permitir a circula\u00e7\u00e3o do ar. Utilize ventiladores de teto ou port\u00e1teis para aumentar a circula\u00e7\u00e3o em dias mais quentes. Al\u00e9m disso, evite o uso excessivo de cortinas pesadas durante o dia, optando por cortinas leves que permitam a passagem da luz natural.<\/p>\n\n\n\n<h4 class=\"wp-block-heading\"><strong>Escolha de cortinas<\/strong><\/h4>\n\n\n\n<p>A escolha das cortinas tamb\u00e9m pode influenciar significativamente a decora\u00e7\u00e3o de um im\u00f3vel alugado. A arquiteta prefere cortinas de tecido de algod\u00e3o ou linho: &#8220;Cortina \u00e9 uma coisa que quase ningu\u00e9m d\u00e1 muita import\u00e2ncia, mas faz muita diferen\u00e7a, as que eu mais gosto de utilizar e traz uma riqueza para o ambiente s\u00e3o as de tecido de algod\u00e3o ou linho.&#8221;<\/p>\n\n\n\n<p>Al\u00e9m disso, as cortinas ajudam a controlar a luminosidade e a privacidade do ambiente. Cortinas blackout s\u00e3o ideais para quartos, enquanto cortinas leves e transparentes podem ser usadas em salas de estar para manter a ilumina\u00e7\u00e3o natural e a sensa\u00e7\u00e3o de amplitude.<br>Decorar um im\u00f3vel alugado pode parecer uma tarefa desafiadora, mas com as estrat\u00e9gias certas, \u00e9 poss\u00edvel criar um ambiente acolhedor e personalizado sem comprometer a flexibilidade necess\u00e1ria. Por isso, na Imobili\u00e1ria Atual contamos com uma arquiteta para te ajudar a transformar seu im\u00f3vel em um lar. Para mais informa\u00e7\u00f5es, <a href=\"https:\/\/api.whatsapp.com\/send?phone=554333414060&amp;utm_source=Link+da+Bio+do+RD+Station&amp;utm_medium=social&amp;utm_campaign=CTA+no+Link+da+Bio\">clique aqui e entre em contato.<\/a><\/p>\n","protected":false},"excerpt":{"rendered":"<p>Decorar um im\u00f3vel alugado pode ser um desafio. Consultamos uma arquiteta, e essas s\u00e3o as recomenda\u00e7\u00f5es para fazer isso de maneira pr\u00e1tica.<\/p>\n","protected":false},"author":3,"featured_media":547,"comment_status":"open","ping_status":"open","sticky":true,"template":"","format":"standard","meta":{"footnotes":""},"categories":[8],"tags":[48,119,70,39,54],"class_list":["post-546","post","type-post","status-publish","format-standard","has-post-thumbnail","hentry","category-comportamento","tag-aluguel","tag-decoracao","tag-imobiliariaatual","tag-imoveislondrina","tag-londrina"],"yoast_head":"<!-- This site is optimized with the Yoast SEO plugin v27.5 - https:\/\/yoast.com\/product\/yoast-seo-wordpress\/ -->\n<title>Como decorar um im\u00f3vel alugado? - Revista Atual<\/title>\n<meta name=\"description\" content=\"Decorar um im\u00f3vel alugado pode ser um desafio. Consultamos uma arquiteta, e essas s\u00e3o as recomenda\u00e7\u00f5es para fazer isso de maneira pr\u00e1tica.\" \/>\n<meta name=\"robots\" content=\"index, follow, max-snippet:-1, max-image-preview:large, max-video-preview:-1\" \/>\n<link rel=\"canonical\" href=\"https:\/\/www.imobiliariaatual.com.br\/blog\/como-decorar-um-imovel-alugado\/\" \/>\n<meta property=\"og:locale\" content=\"pt_BR\" \/>\n<meta property=\"og:type\" content=\"article\" \/>\n<meta property=\"og:title\" content=\"Como decorar um im\u00f3vel alugado? - Revista Atual\" \/>\n<meta property=\"og:description\" content=\"Decorar um im\u00f3vel alugado pode ser um desafio. Consultamos uma arquiteta, e essas s\u00e3o as recomenda\u00e7\u00f5es para fazer isso de maneira pr\u00e1tica.\" \/>\n<meta property=\"og:url\" content=\"https:\/\/www.imobiliariaatual.com.br\/blog\/como-decorar-um-imovel-alugado\/\" \/>\n<meta property=\"og:site_name\" content=\"Revista Atual\" \/>\n<meta property=\"article:publisher\" content=\"https:\/\/www.facebook.com\/Imobiliariaatuallondrina\/\" \/>\n<meta property=\"article:published_time\" content=\"2024-07-31T20:56:18+00:00\" \/>\n<meta property=\"article:modified_time\" content=\"2024-07-31T20:56:19+00:00\" \/>\n<meta property=\"og:image\" content=\"https:\/\/www.imobiliariaatual.com.br\/blog\/wp-content\/uploads\/2024\/07\/Design-sem-nome.png\" \/>\n\t<meta property=\"og:image:width\" content=\"1920\" \/>\n\t<meta property=\"og:image:height\" content=\"1080\" \/>\n\t<meta property=\"og:image:type\" content=\"image\/png\" \/>\n<meta name=\"author\" content=\"Imobili\u00e1ria Atual\" \/>\n<meta name=\"twitter:card\" content=\"summary_large_image\" \/>\n<meta name=\"twitter:label1\" content=\"Escrito por\" \/>\n\t<meta name=\"twitter:data1\" content=\"Imobili\u00e1ria Atual\" \/>\n\t<meta name=\"twitter:label2\" content=\"Est. tempo de leitura\" \/>\n\t<meta name=\"twitter:data2\" content=\"6 minutos\" \/>\n<script type=\"application\/ld+json\" class=\"yoast-schema-graph\">{\"@context\":\"https:\\\/\\\/schema.org\",\"@graph\":[{\"@type\":\"Article\",\"@id\":\"https:\\\/\\\/www.imobiliariaatual.com.br\\\/blog\\\/como-decorar-um-imovel-alugado\\\/#article\",\"isPartOf\":{\"@id\":\"https:\\\/\\\/www.imobiliariaatual.com.br\\\/blog\\\/como-decorar-um-imovel-alugado\\\/\"},\"author\":{\"name\":\"Imobili\u00e1ria Atual\",\"@id\":\"https:\\\/\\\/www.imobiliariaatual.com.br\\\/blog\\\/#\\\/schema\\\/person\\\/a05b0c0c2a5de889f67dbcd8ac0464b1\"},\"headline\":\"Como decorar um im\u00f3vel alugado?\",\"datePublished\":\"2024-07-31T20:56:18+00:00\",\"dateModified\":\"2024-07-31T20:56:19+00:00\",\"mainEntityOfPage\":{\"@id\":\"https:\\\/\\\/www.imobiliariaatual.com.br\\\/blog\\\/como-decorar-um-imovel-alugado\\\/\"},\"wordCount\":979,\"commentCount\":0,\"publisher\":{\"@id\":\"https:\\\/\\\/www.imobiliariaatual.com.br\\\/blog\\\/#organization\"},\"image\":{\"@id\":\"https:\\\/\\\/www.imobiliariaatual.com.br\\\/blog\\\/como-decorar-um-imovel-alugado\\\/#primaryimage\"},\"thumbnailUrl\":\"https:\\\/\\\/www.imobiliariaatual.com.br\\\/blog\\\/wp-content\\\/uploads\\\/2024\\\/07\\\/Design-sem-nome.png\",\"keywords\":[\"#aluguel\",\"#decora\u00e7\u00e3o\",\"#imobiliariaatual\",\"#imoveislondrina\",\"#londrina\"],\"articleSection\":[\"Comportamento\"],\"inLanguage\":\"pt-BR\",\"potentialAction\":[{\"@type\":\"CommentAction\",\"name\":\"Comment\",\"target\":[\"https:\\\/\\\/www.imobiliariaatual.com.br\\\/blog\\\/como-decorar-um-imovel-alugado\\\/#respond\"]}]},{\"@type\":\"WebPage\",\"@id\":\"https:\\\/\\\/www.imobiliariaatual.com.br\\\/blog\\\/como-decorar-um-imovel-alugado\\\/\",\"url\":\"https:\\\/\\\/www.imobiliariaatual.com.br\\\/blog\\\/como-decorar-um-imovel-alugado\\\/\",\"name\":\"Como decorar um im\u00f3vel alugado? - Revista Atual\",\"isPartOf\":{\"@id\":\"https:\\\/\\\/www.imobiliariaatual.com.br\\\/blog\\\/#website\"},\"primaryImageOfPage\":{\"@id\":\"https:\\\/\\\/www.imobiliariaatual.com.br\\\/blog\\\/como-decorar-um-imovel-alugado\\\/#primaryimage\"},\"image\":{\"@id\":\"https:\\\/\\\/www.imobiliariaatual.com.br\\\/blog\\\/como-decorar-um-imovel-alugado\\\/#primaryimage\"},\"thumbnailUrl\":\"https:\\\/\\\/www.imobiliariaatual.com.br\\\/blog\\\/wp-content\\\/uploads\\\/2024\\\/07\\\/Design-sem-nome.png\",\"datePublished\":\"2024-07-31T20:56:18+00:00\",\"dateModified\":\"2024-07-31T20:56:19+00:00\",\"description\":\"Decorar um im\u00f3vel alugado pode ser um desafio. Consultamos uma arquiteta, e essas s\u00e3o as recomenda\u00e7\u00f5es para fazer isso de maneira pr\u00e1tica.\",\"breadcrumb\":{\"@id\":\"https:\\\/\\\/www.imobiliariaatual.com.br\\\/blog\\\/como-decorar-um-imovel-alugado\\\/#breadcrumb\"},\"inLanguage\":\"pt-BR\",\"potentialAction\":[{\"@type\":\"ReadAction\",\"target\":[\"https:\\\/\\\/www.imobiliariaatual.com.br\\\/blog\\\/como-decorar-um-imovel-alugado\\\/\"]}]},{\"@type\":\"ImageObject\",\"inLanguage\":\"pt-BR\",\"@id\":\"https:\\\/\\\/www.imobiliariaatual.com.br\\\/blog\\\/como-decorar-um-imovel-alugado\\\/#primaryimage\",\"url\":\"https:\\\/\\\/www.imobiliariaatual.com.br\\\/blog\\\/wp-content\\\/uploads\\\/2024\\\/07\\\/Design-sem-nome.png\",\"contentUrl\":\"https:\\\/\\\/www.imobiliariaatual.com.br\\\/blog\\\/wp-content\\\/uploads\\\/2024\\\/07\\\/Design-sem-nome.png\",\"width\":1920,\"height\":1080},{\"@type\":\"BreadcrumbList\",\"@id\":\"https:\\\/\\\/www.imobiliariaatual.com.br\\\/blog\\\/como-decorar-um-imovel-alugado\\\/#breadcrumb\",\"itemListElement\":[{\"@type\":\"ListItem\",\"position\":1,\"name\":\"In\u00edcio\",\"item\":\"https:\\\/\\\/www.imobiliariaatual.com.br\\\/blog\\\/\"},{\"@type\":\"ListItem\",\"position\":2,\"name\":\"Como decorar um im\u00f3vel alugado?\"}]},{\"@type\":\"WebSite\",\"@id\":\"https:\\\/\\\/www.imobiliariaatual.com.br\\\/blog\\\/#website\",\"url\":\"https:\\\/\\\/www.imobiliariaatual.com.br\\\/blog\\\/\",\"name\":\"Revista Atual\",\"description\":\"Revista Atual\",\"publisher\":{\"@id\":\"https:\\\/\\\/www.imobiliariaatual.com.br\\\/blog\\\/#organization\"},\"potentialAction\":[{\"@type\":\"SearchAction\",\"target\":{\"@type\":\"EntryPoint\",\"urlTemplate\":\"https:\\\/\\\/www.imobiliariaatual.com.br\\\/blog\\\/?s={search_term_string}\"},\"query-input\":{\"@type\":\"PropertyValueSpecification\",\"valueRequired\":true,\"valueName\":\"search_term_string\"}}],\"inLanguage\":\"pt-BR\"},{\"@type\":\"Organization\",\"@id\":\"https:\\\/\\\/www.imobiliariaatual.com.br\\\/blog\\\/#organization\",\"name\":\"Imobili\u00e1ria Atual\",\"url\":\"https:\\\/\\\/www.imobiliariaatual.com.br\\\/blog\\\/\",\"logo\":{\"@type\":\"ImageObject\",\"inLanguage\":\"pt-BR\",\"@id\":\"https:\\\/\\\/www.imobiliariaatual.com.br\\\/blog\\\/#\\\/schema\\\/logo\\\/image\\\/\",\"url\":\"https:\\\/\\\/www.imobiliariaatual.com.br\\\/blog\\\/wp-content\\\/uploads\\\/2021\\\/02\\\/logo-print.png\",\"contentUrl\":\"https:\\\/\\\/www.imobiliariaatual.com.br\\\/blog\\\/wp-content\\\/uploads\\\/2021\\\/02\\\/logo-print.png\",\"width\":193,\"height\":60,\"caption\":\"Imobili\u00e1ria Atual\"},\"image\":{\"@id\":\"https:\\\/\\\/www.imobiliariaatual.com.br\\\/blog\\\/#\\\/schema\\\/logo\\\/image\\\/\"},\"sameAs\":[\"https:\\\/\\\/www.facebook.com\\\/Imobiliariaatuallondrina\\\/\",\"https:\\\/\\\/www.instagram.com\\\/imobiliariaatual\\\/\",\"https:\\\/\\\/www.imobiliariaatual.com.br\\\/blog\\\/imobiliaria-atual-lanca-um-novo-site\\\/\",\"https:\\\/\\\/www.youtube.com\\\/channel\\\/UCGTDKPROSOnTrNzFZM5hE0A\"]},{\"@type\":\"Person\",\"@id\":\"https:\\\/\\\/www.imobiliariaatual.com.br\\\/blog\\\/#\\\/schema\\\/person\\\/a05b0c0c2a5de889f67dbcd8ac0464b1\",\"name\":\"Imobili\u00e1ria Atual\",\"image\":{\"@type\":\"ImageObject\",\"inLanguage\":\"pt-BR\",\"@id\":\"https:\\\/\\\/secure.gravatar.com\\\/avatar\\\/9c1229534b7f7218125b39b8768206dcea992d64b28dcbcfa769d46c13ec3bcb?s=96&d=mm&r=g\",\"url\":\"https:\\\/\\\/secure.gravatar.com\\\/avatar\\\/9c1229534b7f7218125b39b8768206dcea992d64b28dcbcfa769d46c13ec3bcb?s=96&d=mm&r=g\",\"contentUrl\":\"https:\\\/\\\/secure.gravatar.com\\\/avatar\\\/9c1229534b7f7218125b39b8768206dcea992d64b28dcbcfa769d46c13ec3bcb?s=96&d=mm&r=g\",\"caption\":\"Imobili\u00e1ria Atual\"}}]}<\/script>\n<!-- \/ Yoast SEO plugin. -->","yoast_head_json":{"title":"Como decorar um im\u00f3vel alugado? - Revista Atual","description":"Decorar um im\u00f3vel alugado pode ser um desafio. Consultamos uma arquiteta, e essas s\u00e3o as recomenda\u00e7\u00f5es para fazer isso de maneira pr\u00e1tica.","robots":{"index":"index","follow":"follow","max-snippet":"max-snippet:-1","max-image-preview":"max-image-preview:large","max-video-preview":"max-video-preview:-1"},"canonical":"https:\/\/www.imobiliariaatual.com.br\/blog\/como-decorar-um-imovel-alugado\/","og_locale":"pt_BR","og_type":"article","og_title":"Como decorar um im\u00f3vel alugado? - Revista Atual","og_description":"Decorar um im\u00f3vel alugado pode ser um desafio. Consultamos uma arquiteta, e essas s\u00e3o as recomenda\u00e7\u00f5es para fazer isso de maneira pr\u00e1tica.","og_url":"https:\/\/www.imobiliariaatual.com.br\/blog\/como-decorar-um-imovel-alugado\/","og_site_name":"Revista Atual","article_publisher":"https:\/\/www.facebook.com\/Imobiliariaatuallondrina\/","article_published_time":"2024-07-31T20:56:18+00:00","article_modified_time":"2024-07-31T20:56:19+00:00","og_image":[{"width":1920,"height":1080,"url":"https:\/\/www.imobiliariaatual.com.br\/blog\/wp-content\/uploads\/2024\/07\/Design-sem-nome.png","type":"image\/png"}],"author":"Imobili\u00e1ria Atual","twitter_card":"summary_large_image","twitter_misc":{"Escrito por":"Imobili\u00e1ria Atual","Est. tempo de leitura":"6 minutos"},"schema":{"@context":"https:\/\/schema.org","@graph":[{"@type":"Article","@id":"https:\/\/www.imobiliariaatual.com.br\/blog\/como-decorar-um-imovel-alugado\/#article","isPartOf":{"@id":"https:\/\/www.imobiliariaatual.com.br\/blog\/como-decorar-um-imovel-alugado\/"},"author":{"name":"Imobili\u00e1ria Atual","@id":"https:\/\/www.imobiliariaatual.com.br\/blog\/#\/schema\/person\/a05b0c0c2a5de889f67dbcd8ac0464b1"},"headline":"Como decorar um im\u00f3vel alugado?","datePublished":"2024-07-31T20:56:18+00:00","dateModified":"2024-07-31T20:56:19+00:00","mainEntityOfPage":{"@id":"https:\/\/www.imobiliariaatual.com.br\/blog\/como-decorar-um-imovel-alugado\/"},"wordCount":979,"commentCount":0,"publisher":{"@id":"https:\/\/www.imobiliariaatual.com.br\/blog\/#organization"},"image":{"@id":"https:\/\/www.imobiliariaatual.com.br\/blog\/como-decorar-um-imovel-alugado\/#primaryimage"},"thumbnailUrl":"https:\/\/www.imobiliariaatual.com.br\/blog\/wp-content\/uploads\/2024\/07\/Design-sem-nome.png","keywords":["#aluguel","#decora\u00e7\u00e3o","#imobiliariaatual","#imoveislondrina","#londrina"],"articleSection":["Comportamento"],"inLanguage":"pt-BR","potentialAction":[{"@type":"CommentAction","name":"Comment","target":["https:\/\/www.imobiliariaatual.com.br\/blog\/como-decorar-um-imovel-alugado\/#respond"]}]},{"@type":"WebPage","@id":"https:\/\/www.imobiliariaatual.com.br\/blog\/como-decorar-um-imovel-alugado\/","url":"https:\/\/www.imobiliariaatual.com.br\/blog\/como-decorar-um-imovel-alugado\/","name":"Como decorar um im\u00f3vel alugado? - Revista Atual","isPartOf":{"@id":"https:\/\/www.imobiliariaatual.com.br\/blog\/#website"},"primaryImageOfPage":{"@id":"https:\/\/www.imobiliariaatual.com.br\/blog\/como-decorar-um-imovel-alugado\/#primaryimage"},"image":{"@id":"https:\/\/www.imobiliariaatual.com.br\/blog\/como-decorar-um-imovel-alugado\/#primaryimage"},"thumbnailUrl":"https:\/\/www.imobiliariaatual.com.br\/blog\/wp-content\/uploads\/2024\/07\/Design-sem-nome.png","datePublished":"2024-07-31T20:56:18+00:00","dateModified":"2024-07-31T20:56:19+00:00","description":"Decorar um im\u00f3vel alugado pode ser um desafio. Consultamos uma arquiteta, e essas s\u00e3o as recomenda\u00e7\u00f5es para fazer isso de maneira pr\u00e1tica.","breadcrumb":{"@id":"https:\/\/www.imobiliariaatual.com.br\/blog\/como-decorar-um-imovel-alugado\/#breadcrumb"},"inLanguage":"pt-BR","potentialAction":[{"@type":"ReadAction","target":["https:\/\/www.imobiliariaatual.com.br\/blog\/como-decorar-um-imovel-alugado\/"]}]},{"@type":"ImageObject","inLanguage":"pt-BR","@id":"https:\/\/www.imobiliariaatual.com.br\/blog\/como-decorar-um-imovel-alugado\/#primaryimage","url":"https:\/\/www.imobiliariaatual.com.br\/blog\/wp-content\/uploads\/2024\/07\/Design-sem-nome.png","contentUrl":"https:\/\/www.imobiliariaatual.com.br\/blog\/wp-content\/uploads\/2024\/07\/Design-sem-nome.png","width":1920,"height":1080},{"@type":"BreadcrumbList","@id":"https:\/\/www.imobiliariaatual.com.br\/blog\/como-decorar-um-imovel-alugado\/#breadcrumb","itemListElement":[{"@type":"ListItem","position":1,"name":"In\u00edcio","item":"https:\/\/www.imobiliariaatual.com.br\/blog\/"},{"@type":"ListItem","position":2,"name":"Como decorar um im\u00f3vel alugado?"}]},{"@type":"WebSite","@id":"https:\/\/www.imobiliariaatual.com.br\/blog\/#website","url":"https:\/\/www.imobiliariaatual.com.br\/blog\/","name":"Revista Atual","description":"Revista Atual","publisher":{"@id":"https:\/\/www.imobiliariaatual.com.br\/blog\/#organization"},"potentialAction":[{"@type":"SearchAction","target":{"@type":"EntryPoint","urlTemplate":"https:\/\/www.imobiliariaatual.com.br\/blog\/?s={search_term_string}"},"query-input":{"@type":"PropertyValueSpecification","valueRequired":true,"valueName":"search_term_string"}}],"inLanguage":"pt-BR"},{"@type":"Organization","@id":"https:\/\/www.imobiliariaatual.com.br\/blog\/#organization","name":"Imobili\u00e1ria Atual","url":"https:\/\/www.imobiliariaatual.com.br\/blog\/","logo":{"@type":"ImageObject","inLanguage":"pt-BR","@id":"https:\/\/www.imobiliariaatual.com.br\/blog\/#\/schema\/logo\/image\/","url":"https:\/\/www.imobiliariaatual.com.br\/blog\/wp-content\/uploads\/2021\/02\/logo-print.png","contentUrl":"https:\/\/www.imobiliariaatual.com.br\/blog\/wp-content\/uploads\/2021\/02\/logo-print.png","width":193,"height":60,"caption":"Imobili\u00e1ria Atual"},"image":{"@id":"https:\/\/www.imobiliariaatual.com.br\/blog\/#\/schema\/logo\/image\/"},"sameAs":["https:\/\/www.facebook.com\/Imobiliariaatuallondrina\/","https:\/\/www.instagram.com\/imobiliariaatual\/","https:\/\/www.imobiliariaatual.com.br\/blog\/imobiliaria-atual-lanca-um-novo-site\/","https:\/\/www.youtube.com\/channel\/UCGTDKPROSOnTrNzFZM5hE0A"]},{"@type":"Person","@id":"https:\/\/www.imobiliariaatual.com.br\/blog\/#\/schema\/person\/a05b0c0c2a5de889f67dbcd8ac0464b1","name":"Imobili\u00e1ria Atual","image":{"@type":"ImageObject","inLanguage":"pt-BR","@id":"https:\/\/secure.gravatar.com\/avatar\/9c1229534b7f7218125b39b8768206dcea992d64b28dcbcfa769d46c13ec3bcb?s=96&d=mm&r=g","url":"https:\/\/secure.gravatar.com\/avatar\/9c1229534b7f7218125b39b8768206dcea992d64b28dcbcfa769d46c13ec3bcb?s=96&d=mm&r=g","contentUrl":"https:\/\/secure.gravatar.com\/avatar\/9c1229534b7f7218125b39b8768206dcea992d64b28dcbcfa769d46c13ec3bcb?s=96&d=mm&r=g","caption":"Imobili\u00e1ria Atual"}}]}},"_links":{"self":[{"href":"https:\/\/www.imobiliariaatual.com.br\/blog\/wp-json\/wp\/v2\/posts\/546","targetHints":{"allow":["GET"]}}],"collection":[{"href":"https:\/\/www.imobiliariaatual.com.br\/blog\/wp-json\/wp\/v2\/posts"}],"about":[{"href":"https:\/\/www.imobiliariaatual.com.br\/blog\/wp-json\/wp\/v2\/types\/post"}],"author":[{"embeddable":true,"href":"https:\/\/www.imobiliariaatual.com.br\/blog\/wp-json\/wp\/v2\/users\/3"}],"replies":[{"embeddable":true,"href":"https:\/\/www.imobiliariaatual.com.br\/blog\/wp-json\/wp\/v2\/comments?post=546"}],"version-history":[{"count":1,"href":"https:\/\/www.imobiliariaatual.com.br\/blog\/wp-json\/wp\/v2\/posts\/546\/revisions"}],"predecessor-version":[{"id":548,"href":"https:\/\/www.imobiliariaatual.com.br\/blog\/wp-json\/wp\/v2\/posts\/546\/revisions\/548"}],"wp:featuredmedia":[{"embeddable":true,"href":"https:\/\/www.imobiliariaatual.com.br\/blog\/wp-json\/wp\/v2\/media\/547"}],"wp:attachment":[{"href":"https:\/\/www.imobiliariaatual.com.br\/blog\/wp-json\/wp\/v2\/media?parent=546"}],"wp:term":[{"taxonomy":"category","embeddable":true,"href":"https:\/\/www.imobiliariaatual.com.br\/blog\/wp-json\/wp\/v2\/categories?post=546"},{"taxonomy":"post_tag","embeddable":true,"href":"https:\/\/www.imobiliariaatual.com.br\/blog\/wp-json\/wp\/v2\/tags?post=546"}],"curies":[{"name":"wp","href":"https:\/\/api.w.org\/{rel}","templated":true}]}}