{"id":479,"date":"2023-06-27T16:28:54","date_gmt":"2023-06-27T19:28:54","guid":{"rendered":"https:\/\/www.imobiliariaatual.com.br\/blog\/?p=479"},"modified":"2023-06-27T16:28:56","modified_gmt":"2023-06-27T19:28:56","slug":"mudancasde2023noprogramaminhacasaminhavida","status":"publish","type":"post","link":"https:\/\/www.imobiliariaatual.com.br\/blog\/mudancasde2023noprogramaminhacasaminhavida\/","title":{"rendered":"Mudan\u00e7as no Minha Casa Minha vida facilitaram a compra de im\u00f3vel em Londrina"},"content":{"rendered":"\n<p>Voc\u00ea j\u00e1 imaginou como seria maravilhoso ter a oportunidade de conquistar a casa pr\u00f3pria com condi\u00e7\u00f5es ainda melhores? Pois saiba que agora \u00e9 o momento perfeito para tornar esse sonho uma realidade! O Conselho Curador do Fundo de Garantia por Tempo de Servi\u00e7o (CCFGTS) se reuniu no dia 20 junho e tomou decis\u00f5es que v\u00e3o transformar a vida de muitas pessoas. Inclusive dos londrinenses, porque as mudan\u00e7as foram feitas para todo o pa\u00eds. Veja como funcionar\u00e1 em Londrina.&nbsp;<\/p>\n\n\n\n<p><strong>Confira as principais altera\u00e7\u00f5es:<\/strong><\/p>\n\n\n\n<ol class=\"wp-block-list\"><li><strong>Aumento do subs\u00eddio: <\/strong>O subs\u00eddio, que \u00e9 a parte do financiamento paga pela Uni\u00e3o, foi ampliado. Agora, fam\u00edlias de baixa renda nas faixas 1 (renda mensal de at\u00e9 R$ 2.640) e faixa 2 (at\u00e9 R$ 4,4 mil) podem contar com um subs\u00eddio que vai de R$ 47,5 mil a at\u00e9 R$ 55 mil.&nbsp;<\/li><\/ol>\n\n\n\n<ol class=\"wp-block-list\" start=\"2\"><li><strong>Redu\u00e7\u00e3o das taxas de juros: <\/strong>Para as fam\u00edlias com renda mensal de at\u00e9 R$ 2 mil, as taxas de juros foram reduzidas. Nas regi\u00f5es Norte e Nordeste, a taxa passou de 4,25% para 4% ao ano. J\u00e1 nas regi\u00f5es Sudeste, Sul e Centro-Oeste, a taxa foi reduzida de 4,50% para 4,25% ao ano. Essa diminui\u00e7\u00e3o \u00e9 uma excelente oportunidade para voc\u00ea economizar e conquistar sua casa com parcelas ainda mais acess\u00edveis.<\/li><\/ol>\n\n\n\n<ol class=\"wp-block-list\" start=\"3\"><li><strong>Corre\u00e7\u00e3o do valor dos im\u00f3veis: <\/strong>O valor m\u00e1ximo do im\u00f3vel que pode ser comprado na faixa 3, destinada \u00e0s fam\u00edlias com renda entre R$ 4,4 mil e R$ 8 mil, passou de R$ 264 mil para at\u00e9 R$ 350 mil. Essa mudan\u00e7a vale para todo o pa\u00eds, n\u00e3o apenas para cidades espec\u00edficas. Al\u00e9m disso, os tetos dos im\u00f3veis para as faixas 1 e 2 foram ajustados entre R$ 190 mil e R$ 264 mil, dependendo da localiza\u00e7\u00e3o do im\u00f3vel.<\/li><\/ol>\n\n\n\n<p>Essas transforma\u00e7\u00f5es t\u00eam como objetivo tornar o programa Minha Casa Minha Vida ainda mais inclusivo e adequado \u00e0s necessidades das fam\u00edlias brasileiras. Com o aumento do subs\u00eddio, a redu\u00e7\u00e3o dos juros e a corre\u00e7\u00e3o do valor dos im\u00f3veis, as portas se abrem para que mais pessoas tenham a oportunidade de conquistar sua casa pr\u00f3pria, proporcionando estabilidade e seguran\u00e7a para suas fam\u00edlias. \u00c9 o momento perfeito para voc\u00ea aproveitar essa oportunidade e garantir um futuro seguro e est\u00e1vel para voc\u00ea e sua fam\u00edlia.<\/p>\n\n\n\n<p><strong><a href=\"https:\/\/www.imobiliariaatual.com.br\/blog\/como-comprar-um-mrv-com-o-programa-casa-verde-e-amarela-em-londrina\/\">Se voc\u00ea quer saber mais sobre quem pode participar do programa ou quem n\u00e3o pode fazer parte, clique aqui e acesse nosso outro conte\u00fado informativo com mais detalhes. <\/a><\/strong><\/p>\n\n\n\n<p>Aqui na Imobili\u00e1ria Atual, estamos prontos para te ajudar nessa jornada. Nossos especialistas est\u00e3o preparados para oferecer todo o suporte necess\u00e1rio, desde a escolha do im\u00f3vel ideal at\u00e9 o fechamento do contrato. Nossa miss\u00e3o \u00e9 tornar seu sonho uma realidade!<\/p>\n\n\n\n<p>N\u00e3o deixe essa oportunidade escapar! Lembre-se de que o tempo \u00e9 precioso, e as mudan\u00e7as ser\u00e3o implementadas em breve. O Minist\u00e9rio das Cidades tem at\u00e9 o dia 30 de junho para regulamentar as altera\u00e7\u00f5es, e a previs\u00e3o \u00e9 que elas entrem em vigor j\u00e1 no m\u00eas de julho deste ano (2023).<\/p>\n\n\n\n<p><strong><a href=\"https:\/\/api.whatsapp.com\/send\/?phone=554333414060&amp;text&amp;type=phone_number&amp;app_absent=0\">Clique aqui e entre em contato conosco<\/a><\/strong> para descobrir quais im\u00f3veis podem ser financiados utilizando o Programa Minha Casa Minha Vida.\u00a0<\/p>\n","protected":false},"excerpt":{"rendered":"<p>Mais subs\u00eddio, juros reduzidos e im\u00f3veis corrigidos: seu sonho da casa pr\u00f3pria est\u00e1 mais pr\u00f3ximo<\/p>\n","protected":false},"author":3,"featured_media":480,"comment_status":"open","ping_status":"open","sticky":true,"template":"","format":"standard","meta":{"footnotes":""},"categories":[5],"tags":[],"class_list":["post-479","post","type-post","status-publish","format-standard","has-post-thumbnail","hentry","category-economia"],"yoast_head":"<!-- This site is optimized with the Yoast SEO plugin v27.5 - https:\/\/yoast.com\/product\/yoast-seo-wordpress\/ -->\n<title>Mudan\u00e7as no Minha Casa Minha vida facilitaram a compra de im\u00f3vel em Londrina - Revista Atual<\/title>\n<meta name=\"description\" content=\"Mais subs\u00eddio, juros reduzidos e im\u00f3veis corrigidos: seu sonho da casa pr\u00f3pria est\u00e1 mais pr\u00f3ximo do que nunca\" \/>\n<meta name=\"robots\" content=\"index, follow, max-snippet:-1, max-image-preview:large, max-video-preview:-1\" \/>\n<link rel=\"canonical\" href=\"https:\/\/www.imobiliariaatual.com.br\/blog\/mudancasde2023noprogramaminhacasaminhavida\/\" \/>\n<meta property=\"og:locale\" content=\"pt_BR\" \/>\n<meta property=\"og:type\" content=\"article\" \/>\n<meta property=\"og:title\" content=\"Mudan\u00e7as no Minha Casa Minha vida facilitaram a compra de im\u00f3vel em Londrina - Revista Atual\" \/>\n<meta property=\"og:description\" content=\"Mais subs\u00eddio, juros reduzidos e im\u00f3veis corrigidos: seu sonho da casa pr\u00f3pria est\u00e1 mais pr\u00f3ximo do que nunca\" \/>\n<meta property=\"og:url\" content=\"https:\/\/www.imobiliariaatual.com.br\/blog\/mudancasde2023noprogramaminhacasaminhavida\/\" \/>\n<meta property=\"og:site_name\" content=\"Revista Atual\" \/>\n<meta property=\"article:publisher\" content=\"https:\/\/www.facebook.com\/Imobiliariaatuallondrina\/\" \/>\n<meta property=\"article:published_time\" content=\"2023-06-27T19:28:54+00:00\" \/>\n<meta property=\"article:modified_time\" content=\"2023-06-27T19:28:56+00:00\" \/>\n<meta property=\"og:image\" content=\"https:\/\/www.imobiliariaatual.com.br\/blog\/wp-content\/uploads\/2023\/06\/Documento-para-pegar-Imagens.jpg\" \/>\n\t<meta property=\"og:image:width\" content=\"1920\" \/>\n\t<meta property=\"og:image:height\" content=\"1350\" \/>\n\t<meta property=\"og:image:type\" content=\"image\/jpeg\" \/>\n<meta name=\"author\" content=\"Imobili\u00e1ria Atual\" \/>\n<meta name=\"twitter:card\" content=\"summary_large_image\" \/>\n<meta name=\"twitter:label1\" content=\"Escrito por\" \/>\n\t<meta name=\"twitter:data1\" content=\"Imobili\u00e1ria Atual\" \/>\n\t<meta name=\"twitter:label2\" content=\"Est. tempo de leitura\" \/>\n\t<meta name=\"twitter:data2\" content=\"3 minutos\" \/>\n<script type=\"application\/ld+json\" class=\"yoast-schema-graph\">{\"@context\":\"https:\\\/\\\/schema.org\",\"@graph\":[{\"@type\":\"Article\",\"@id\":\"https:\\\/\\\/www.imobiliariaatual.com.br\\\/blog\\\/mudancasde2023noprogramaminhacasaminhavida\\\/#article\",\"isPartOf\":{\"@id\":\"https:\\\/\\\/www.imobiliariaatual.com.br\\\/blog\\\/mudancasde2023noprogramaminhacasaminhavida\\\/\"},\"author\":{\"name\":\"Imobili\u00e1ria Atual\",\"@id\":\"https:\\\/\\\/www.imobiliariaatual.com.br\\\/blog\\\/#\\\/schema\\\/person\\\/a05b0c0c2a5de889f67dbcd8ac0464b1\"},\"headline\":\"Mudan\u00e7as no Minha Casa Minha vida facilitaram a compra de im\u00f3vel em Londrina\",\"datePublished\":\"2023-06-27T19:28:54+00:00\",\"dateModified\":\"2023-06-27T19:28:56+00:00\",\"mainEntityOfPage\":{\"@id\":\"https:\\\/\\\/www.imobiliariaatual.com.br\\\/blog\\\/mudancasde2023noprogramaminhacasaminhavida\\\/\"},\"wordCount\":553,\"commentCount\":0,\"publisher\":{\"@id\":\"https:\\\/\\\/www.imobiliariaatual.com.br\\\/blog\\\/#organization\"},\"image\":{\"@id\":\"https:\\\/\\\/www.imobiliariaatual.com.br\\\/blog\\\/mudancasde2023noprogramaminhacasaminhavida\\\/#primaryimage\"},\"thumbnailUrl\":\"https:\\\/\\\/www.imobiliariaatual.com.br\\\/blog\\\/wp-content\\\/uploads\\\/2023\\\/06\\\/Documento-para-pegar-Imagens.jpg\",\"articleSection\":[\"Economia\"],\"inLanguage\":\"pt-BR\",\"potentialAction\":[{\"@type\":\"CommentAction\",\"name\":\"Comment\",\"target\":[\"https:\\\/\\\/www.imobiliariaatual.com.br\\\/blog\\\/mudancasde2023noprogramaminhacasaminhavida\\\/#respond\"]}]},{\"@type\":\"WebPage\",\"@id\":\"https:\\\/\\\/www.imobiliariaatual.com.br\\\/blog\\\/mudancasde2023noprogramaminhacasaminhavida\\\/\",\"url\":\"https:\\\/\\\/www.imobiliariaatual.com.br\\\/blog\\\/mudancasde2023noprogramaminhacasaminhavida\\\/\",\"name\":\"Mudan\u00e7as no Minha Casa Minha vida facilitaram a compra de im\u00f3vel em Londrina - Revista Atual\",\"isPartOf\":{\"@id\":\"https:\\\/\\\/www.imobiliariaatual.com.br\\\/blog\\\/#website\"},\"primaryImageOfPage\":{\"@id\":\"https:\\\/\\\/www.imobiliariaatual.com.br\\\/blog\\\/mudancasde2023noprogramaminhacasaminhavida\\\/#primaryimage\"},\"image\":{\"@id\":\"https:\\\/\\\/www.imobiliariaatual.com.br\\\/blog\\\/mudancasde2023noprogramaminhacasaminhavida\\\/#primaryimage\"},\"thumbnailUrl\":\"https:\\\/\\\/www.imobiliariaatual.com.br\\\/blog\\\/wp-content\\\/uploads\\\/2023\\\/06\\\/Documento-para-pegar-Imagens.jpg\",\"datePublished\":\"2023-06-27T19:28:54+00:00\",\"dateModified\":\"2023-06-27T19:28:56+00:00\",\"description\":\"Mais subs\u00eddio, juros reduzidos e im\u00f3veis corrigidos: seu sonho da casa pr\u00f3pria est\u00e1 mais pr\u00f3ximo do que nunca\",\"breadcrumb\":{\"@id\":\"https:\\\/\\\/www.imobiliariaatual.com.br\\\/blog\\\/mudancasde2023noprogramaminhacasaminhavida\\\/#breadcrumb\"},\"inLanguage\":\"pt-BR\",\"potentialAction\":[{\"@type\":\"ReadAction\",\"target\":[\"https:\\\/\\\/www.imobiliariaatual.com.br\\\/blog\\\/mudancasde2023noprogramaminhacasaminhavida\\\/\"]}]},{\"@type\":\"ImageObject\",\"inLanguage\":\"pt-BR\",\"@id\":\"https:\\\/\\\/www.imobiliariaatual.com.br\\\/blog\\\/mudancasde2023noprogramaminhacasaminhavida\\\/#primaryimage\",\"url\":\"https:\\\/\\\/www.imobiliariaatual.com.br\\\/blog\\\/wp-content\\\/uploads\\\/2023\\\/06\\\/Documento-para-pegar-Imagens.jpg\",\"contentUrl\":\"https:\\\/\\\/www.imobiliariaatual.com.br\\\/blog\\\/wp-content\\\/uploads\\\/2023\\\/06\\\/Documento-para-pegar-Imagens.jpg\",\"width\":1920,\"height\":1350},{\"@type\":\"BreadcrumbList\",\"@id\":\"https:\\\/\\\/www.imobiliariaatual.com.br\\\/blog\\\/mudancasde2023noprogramaminhacasaminhavida\\\/#breadcrumb\",\"itemListElement\":[{\"@type\":\"ListItem\",\"position\":1,\"name\":\"In\u00edcio\",\"item\":\"https:\\\/\\\/www.imobiliariaatual.com.br\\\/blog\\\/\"},{\"@type\":\"ListItem\",\"position\":2,\"name\":\"Mudan\u00e7as no Minha Casa Minha vida facilitaram a compra de im\u00f3vel em Londrina\"}]},{\"@type\":\"WebSite\",\"@id\":\"https:\\\/\\\/www.imobiliariaatual.com.br\\\/blog\\\/#website\",\"url\":\"https:\\\/\\\/www.imobiliariaatual.com.br\\\/blog\\\/\",\"name\":\"Revista Atual\",\"description\":\"Revista Atual\",\"publisher\":{\"@id\":\"https:\\\/\\\/www.imobiliariaatual.com.br\\\/blog\\\/#organization\"},\"potentialAction\":[{\"@type\":\"SearchAction\",\"target\":{\"@type\":\"EntryPoint\",\"urlTemplate\":\"https:\\\/\\\/www.imobiliariaatual.com.br\\\/blog\\\/?s={search_term_string}\"},\"query-input\":{\"@type\":\"PropertyValueSpecification\",\"valueRequired\":true,\"valueName\":\"search_term_string\"}}],\"inLanguage\":\"pt-BR\"},{\"@type\":\"Organization\",\"@id\":\"https:\\\/\\\/www.imobiliariaatual.com.br\\\/blog\\\/#organization\",\"name\":\"Imobili\u00e1ria Atual\",\"url\":\"https:\\\/\\\/www.imobiliariaatual.com.br\\\/blog\\\/\",\"logo\":{\"@type\":\"ImageObject\",\"inLanguage\":\"pt-BR\",\"@id\":\"https:\\\/\\\/www.imobiliariaatual.com.br\\\/blog\\\/#\\\/schema\\\/logo\\\/image\\\/\",\"url\":\"https:\\\/\\\/www.imobiliariaatual.com.br\\\/blog\\\/wp-content\\\/uploads\\\/2021\\\/02\\\/logo-print.png\",\"contentUrl\":\"https:\\\/\\\/www.imobiliariaatual.com.br\\\/blog\\\/wp-content\\\/uploads\\\/2021\\\/02\\\/logo-print.png\",\"width\":193,\"height\":60,\"caption\":\"Imobili\u00e1ria Atual\"},\"image\":{\"@id\":\"https:\\\/\\\/www.imobiliariaatual.com.br\\\/blog\\\/#\\\/schema\\\/logo\\\/image\\\/\"},\"sameAs\":[\"https:\\\/\\\/www.facebook.com\\\/Imobiliariaatuallondrina\\\/\",\"https:\\\/\\\/www.instagram.com\\\/imobiliariaatual\\\/\",\"https:\\\/\\\/www.imobiliariaatual.com.br\\\/blog\\\/imobiliaria-atual-lanca-um-novo-site\\\/\",\"https:\\\/\\\/www.youtube.com\\\/channel\\\/UCGTDKPROSOnTrNzFZM5hE0A\"]},{\"@type\":\"Person\",\"@id\":\"https:\\\/\\\/www.imobiliariaatual.com.br\\\/blog\\\/#\\\/schema\\\/person\\\/a05b0c0c2a5de889f67dbcd8ac0464b1\",\"name\":\"Imobili\u00e1ria Atual\",\"image\":{\"@type\":\"ImageObject\",\"inLanguage\":\"pt-BR\",\"@id\":\"https:\\\/\\\/secure.gravatar.com\\\/avatar\\\/9c1229534b7f7218125b39b8768206dcea992d64b28dcbcfa769d46c13ec3bcb?s=96&d=mm&r=g\",\"url\":\"https:\\\/\\\/secure.gravatar.com\\\/avatar\\\/9c1229534b7f7218125b39b8768206dcea992d64b28dcbcfa769d46c13ec3bcb?s=96&d=mm&r=g\",\"contentUrl\":\"https:\\\/\\\/secure.gravatar.com\\\/avatar\\\/9c1229534b7f7218125b39b8768206dcea992d64b28dcbcfa769d46c13ec3bcb?s=96&d=mm&r=g\",\"caption\":\"Imobili\u00e1ria Atual\"}}]}<\/script>\n<!-- \/ Yoast SEO plugin. -->","yoast_head_json":{"title":"Mudan\u00e7as no Minha Casa Minha vida facilitaram a compra de im\u00f3vel em Londrina - Revista Atual","description":"Mais subs\u00eddio, juros reduzidos e im\u00f3veis corrigidos: seu sonho da casa pr\u00f3pria est\u00e1 mais pr\u00f3ximo do que nunca","robots":{"index":"index","follow":"follow","max-snippet":"max-snippet:-1","max-image-preview":"max-image-preview:large","max-video-preview":"max-video-preview:-1"},"canonical":"https:\/\/www.imobiliariaatual.com.br\/blog\/mudancasde2023noprogramaminhacasaminhavida\/","og_locale":"pt_BR","og_type":"article","og_title":"Mudan\u00e7as no Minha Casa Minha vida facilitaram a compra de im\u00f3vel em Londrina - Revista Atual","og_description":"Mais subs\u00eddio, juros reduzidos e im\u00f3veis corrigidos: seu sonho da casa pr\u00f3pria est\u00e1 mais pr\u00f3ximo do que nunca","og_url":"https:\/\/www.imobiliariaatual.com.br\/blog\/mudancasde2023noprogramaminhacasaminhavida\/","og_site_name":"Revista Atual","article_publisher":"https:\/\/www.facebook.com\/Imobiliariaatuallondrina\/","article_published_time":"2023-06-27T19:28:54+00:00","article_modified_time":"2023-06-27T19:28:56+00:00","og_image":[{"width":1920,"height":1350,"url":"https:\/\/www.imobiliariaatual.com.br\/blog\/wp-content\/uploads\/2023\/06\/Documento-para-pegar-Imagens.jpg","type":"image\/jpeg"}],"author":"Imobili\u00e1ria Atual","twitter_card":"summary_large_image","twitter_misc":{"Escrito por":"Imobili\u00e1ria Atual","Est. tempo de leitura":"3 minutos"},"schema":{"@context":"https:\/\/schema.org","@graph":[{"@type":"Article","@id":"https:\/\/www.imobiliariaatual.com.br\/blog\/mudancasde2023noprogramaminhacasaminhavida\/#article","isPartOf":{"@id":"https:\/\/www.imobiliariaatual.com.br\/blog\/mudancasde2023noprogramaminhacasaminhavida\/"},"author":{"name":"Imobili\u00e1ria Atual","@id":"https:\/\/www.imobiliariaatual.com.br\/blog\/#\/schema\/person\/a05b0c0c2a5de889f67dbcd8ac0464b1"},"headline":"Mudan\u00e7as no Minha Casa Minha vida facilitaram a compra de im\u00f3vel em Londrina","datePublished":"2023-06-27T19:28:54+00:00","dateModified":"2023-06-27T19:28:56+00:00","mainEntityOfPage":{"@id":"https:\/\/www.imobiliariaatual.com.br\/blog\/mudancasde2023noprogramaminhacasaminhavida\/"},"wordCount":553,"commentCount":0,"publisher":{"@id":"https:\/\/www.imobiliariaatual.com.br\/blog\/#organization"},"image":{"@id":"https:\/\/www.imobiliariaatual.com.br\/blog\/mudancasde2023noprogramaminhacasaminhavida\/#primaryimage"},"thumbnailUrl":"https:\/\/www.imobiliariaatual.com.br\/blog\/wp-content\/uploads\/2023\/06\/Documento-para-pegar-Imagens.jpg","articleSection":["Economia"],"inLanguage":"pt-BR","potentialAction":[{"@type":"CommentAction","name":"Comment","target":["https:\/\/www.imobiliariaatual.com.br\/blog\/mudancasde2023noprogramaminhacasaminhavida\/#respond"]}]},{"@type":"WebPage","@id":"https:\/\/www.imobiliariaatual.com.br\/blog\/mudancasde2023noprogramaminhacasaminhavida\/","url":"https:\/\/www.imobiliariaatual.com.br\/blog\/mudancasde2023noprogramaminhacasaminhavida\/","name":"Mudan\u00e7as no Minha Casa Minha vida facilitaram a compra de im\u00f3vel em Londrina - Revista Atual","isPartOf":{"@id":"https:\/\/www.imobiliariaatual.com.br\/blog\/#website"},"primaryImageOfPage":{"@id":"https:\/\/www.imobiliariaatual.com.br\/blog\/mudancasde2023noprogramaminhacasaminhavida\/#primaryimage"},"image":{"@id":"https:\/\/www.imobiliariaatual.com.br\/blog\/mudancasde2023noprogramaminhacasaminhavida\/#primaryimage"},"thumbnailUrl":"https:\/\/www.imobiliariaatual.com.br\/blog\/wp-content\/uploads\/2023\/06\/Documento-para-pegar-Imagens.jpg","datePublished":"2023-06-27T19:28:54+00:00","dateModified":"2023-06-27T19:28:56+00:00","description":"Mais subs\u00eddio, juros reduzidos e im\u00f3veis corrigidos: seu sonho da casa pr\u00f3pria est\u00e1 mais pr\u00f3ximo do que nunca","breadcrumb":{"@id":"https:\/\/www.imobiliariaatual.com.br\/blog\/mudancasde2023noprogramaminhacasaminhavida\/#breadcrumb"},"inLanguage":"pt-BR","potentialAction":[{"@type":"ReadAction","target":["https:\/\/www.imobiliariaatual.com.br\/blog\/mudancasde2023noprogramaminhacasaminhavida\/"]}]},{"@type":"ImageObject","inLanguage":"pt-BR","@id":"https:\/\/www.imobiliariaatual.com.br\/blog\/mudancasde2023noprogramaminhacasaminhavida\/#primaryimage","url":"https:\/\/www.imobiliariaatual.com.br\/blog\/wp-content\/uploads\/2023\/06\/Documento-para-pegar-Imagens.jpg","contentUrl":"https:\/\/www.imobiliariaatual.com.br\/blog\/wp-content\/uploads\/2023\/06\/Documento-para-pegar-Imagens.jpg","width":1920,"height":1350},{"@type":"BreadcrumbList","@id":"https:\/\/www.imobiliariaatual.com.br\/blog\/mudancasde2023noprogramaminhacasaminhavida\/#breadcrumb","itemListElement":[{"@type":"ListItem","position":1,"name":"In\u00edcio","item":"https:\/\/www.imobiliariaatual.com.br\/blog\/"},{"@type":"ListItem","position":2,"name":"Mudan\u00e7as no Minha Casa Minha vida facilitaram a compra de im\u00f3vel em Londrina"}]},{"@type":"WebSite","@id":"https:\/\/www.imobiliariaatual.com.br\/blog\/#website","url":"https:\/\/www.imobiliariaatual.com.br\/blog\/","name":"Revista Atual","description":"Revista Atual","publisher":{"@id":"https:\/\/www.imobiliariaatual.com.br\/blog\/#organization"},"potentialAction":[{"@type":"SearchAction","target":{"@type":"EntryPoint","urlTemplate":"https:\/\/www.imobiliariaatual.com.br\/blog\/?s={search_term_string}"},"query-input":{"@type":"PropertyValueSpecification","valueRequired":true,"valueName":"search_term_string"}}],"inLanguage":"pt-BR"},{"@type":"Organization","@id":"https:\/\/www.imobiliariaatual.com.br\/blog\/#organization","name":"Imobili\u00e1ria Atual","url":"https:\/\/www.imobiliariaatual.com.br\/blog\/","logo":{"@type":"ImageObject","inLanguage":"pt-BR","@id":"https:\/\/www.imobiliariaatual.com.br\/blog\/#\/schema\/logo\/image\/","url":"https:\/\/www.imobiliariaatual.com.br\/blog\/wp-content\/uploads\/2021\/02\/logo-print.png","contentUrl":"https:\/\/www.imobiliariaatual.com.br\/blog\/wp-content\/uploads\/2021\/02\/logo-print.png","width":193,"height":60,"caption":"Imobili\u00e1ria Atual"},"image":{"@id":"https:\/\/www.imobiliariaatual.com.br\/blog\/#\/schema\/logo\/image\/"},"sameAs":["https:\/\/www.facebook.com\/Imobiliariaatuallondrina\/","https:\/\/www.instagram.com\/imobiliariaatual\/","https:\/\/www.imobiliariaatual.com.br\/blog\/imobiliaria-atual-lanca-um-novo-site\/","https:\/\/www.youtube.com\/channel\/UCGTDKPROSOnTrNzFZM5hE0A"]},{"@type":"Person","@id":"https:\/\/www.imobiliariaatual.com.br\/blog\/#\/schema\/person\/a05b0c0c2a5de889f67dbcd8ac0464b1","name":"Imobili\u00e1ria Atual","image":{"@type":"ImageObject","inLanguage":"pt-BR","@id":"https:\/\/secure.gravatar.com\/avatar\/9c1229534b7f7218125b39b8768206dcea992d64b28dcbcfa769d46c13ec3bcb?s=96&d=mm&r=g","url":"https:\/\/secure.gravatar.com\/avatar\/9c1229534b7f7218125b39b8768206dcea992d64b28dcbcfa769d46c13ec3bcb?s=96&d=mm&r=g","contentUrl":"https:\/\/secure.gravatar.com\/avatar\/9c1229534b7f7218125b39b8768206dcea992d64b28dcbcfa769d46c13ec3bcb?s=96&d=mm&r=g","caption":"Imobili\u00e1ria Atual"}}]}},"_links":{"self":[{"href":"https:\/\/www.imobiliariaatual.com.br\/blog\/wp-json\/wp\/v2\/posts\/479","targetHints":{"allow":["GET"]}}],"collection":[{"href":"https:\/\/www.imobiliariaatual.com.br\/blog\/wp-json\/wp\/v2\/posts"}],"about":[{"href":"https:\/\/www.imobiliariaatual.com.br\/blog\/wp-json\/wp\/v2\/types\/post"}],"author":[{"embeddable":true,"href":"https:\/\/www.imobiliariaatual.com.br\/blog\/wp-json\/wp\/v2\/users\/3"}],"replies":[{"embeddable":true,"href":"https:\/\/www.imobiliariaatual.com.br\/blog\/wp-json\/wp\/v2\/comments?post=479"}],"version-history":[{"count":1,"href":"https:\/\/www.imobiliariaatual.com.br\/blog\/wp-json\/wp\/v2\/posts\/479\/revisions"}],"predecessor-version":[{"id":481,"href":"https:\/\/www.imobiliariaatual.com.br\/blog\/wp-json\/wp\/v2\/posts\/479\/revisions\/481"}],"wp:featuredmedia":[{"embeddable":true,"href":"https:\/\/www.imobiliariaatual.com.br\/blog\/wp-json\/wp\/v2\/media\/480"}],"wp:attachment":[{"href":"https:\/\/www.imobiliariaatual.com.br\/blog\/wp-json\/wp\/v2\/media?parent=479"}],"wp:term":[{"taxonomy":"category","embeddable":true,"href":"https:\/\/www.imobiliariaatual.com.br\/blog\/wp-json\/wp\/v2\/categories?post=479"},{"taxonomy":"post_tag","embeddable":true,"href":"https:\/\/www.imobiliariaatual.com.br\/blog\/wp-json\/wp\/v2\/tags?post=479"}],"curies":[{"name":"wp","href":"https:\/\/api.w.org\/{rel}","templated":true}]}}