{"id":447,"date":"2023-02-22T16:01:00","date_gmt":"2023-02-22T19:01:00","guid":{"rendered":"https:\/\/www.imobiliariaatual.com.br\/blog\/?p=447"},"modified":"2023-02-22T16:01:00","modified_gmt":"2023-02-22T19:01:00","slug":"possodeixaroimovelparavenderealugaraomesmotempo","status":"publish","type":"post","link":"https:\/\/www.imobiliariaatual.com.br\/blog\/possodeixaroimovelparavenderealugaraomesmotempo\/","title":{"rendered":"Posso deixar o im\u00f3vel para vender e alugar ao mesmo tempo?"},"content":{"rendered":"\n<p>Seu im\u00f3vel est\u00e1 \u00e0 venda h\u00e1 alguns meses e voc\u00ea tem tido custos com ele parado? Custos como taxa m\u00ednima de luz, \u00e1gua, condom\u00ednio, manuten\u00e7\u00e3o, entre outras? Colocar ele para loca\u00e7\u00e3o at\u00e9 que a venda seja feita, \u00e9 a op\u00e7\u00e3o que tem mais chances de voc\u00ea economizar. Ent\u00e3o, sim, voc\u00ea pode deixar seu im\u00f3vel dispon\u00edvel para alugar e vender ao mesmo tempo.\u00a0<\/p>\n\n\n\n<p><strong>Mas vale a pena mesmo deixar o im\u00f3vel alugado?<\/strong><\/p>\n\n\n\n<p>\u201cO medo de muitos propriet\u00e1rios \u00e9 ter o im\u00f3vel danificado pelo locat\u00e1rio, para isso existe a vistoria antes do im\u00f3vel ser ocupado e depois que o inquilino sai\u201d, explica Ingrid Moreira, gerente de loca\u00e7\u00e3o da Imobili\u00e1ria Atual. Nesta vistoria o im\u00f3vel deve estar o mais parecido poss\u00edvel nas duas \u00e9pocas. Contudo, n\u00e3o podemos garantir que estar\u00e1 100% igual, j\u00e1 que existem os danos de tempo tamb\u00e9m.&nbsp;<\/p>\n\n\n\n<p>Moreira complementa: \u201cOutro receio comum que vemos por parte dos propriet\u00e1rios nesses 27 anos, \u00e9 os inquilinos n\u00e3o pagarem corretamente\u201d. A gerente explica que n\u00e3o \u00e9 poss\u00edvel prever se o inquilino ser\u00e1 um bom pagador ou n\u00e3o, mas existem formas de minimizar essa d\u00favida. Na imobili\u00e1ria Atual todo cadastro \u00e9 analisado rigorosamente, e al\u00e9m do tradicional fiador, contam com seguradoras.&nbsp;<\/p>\n\n\n\n<p>\u201cUm \u00faltimo receio que tamb\u00e9m \u00e9 comum, \u00e9 o inquilino ficar solicitando atitudes e incomodando o propriet\u00e1rio\u201d, finaliza Moreira. Mas em grande parte dos casos, na imobili\u00e1ria Atual propriet\u00e1rio e inquilino n\u00e3o se conversam, pois a imobili\u00e1ria faz a ponte entre os dois e procura resolver tudo antes de precisar conversar com o propriet\u00e1rio. Nosso servi\u00e7o de atendimento ao cliente, manuten\u00e7\u00e3o e negocia\u00e7\u00e3o est\u00e3o sempre agindo para evitar transtornos para ambas as partes.&nbsp;<\/p>\n\n\n\n<p><strong>Ser\u00e1 que meu im\u00f3vel aluga r\u00e1pido?<\/strong><\/p>\n\n\n\n<p>\u201cInfelizmente n\u00e3o conseguimos dar uma resposta certa para isso. Depender\u00e1 da localiza\u00e7\u00e3o, estado de conserva\u00e7\u00e3o e valor desejado para o aluguel\u201d, esclarece Talita Perez Lopes, CEO da Atual. O momento do mercado imobili\u00e1rio tamb\u00e9m influencia nessa resposta, assim como \u00e9 o caso da venda do im\u00f3vel.<\/p>\n\n\n\n<p>\u201cMas todos os meses recebemos mais de 10 mil visitas no nosso site, e muitos clientes querem alugar im\u00f3veis que est\u00e3o \u00e0 venda\u201d, garante Lopes.&nbsp;<\/p>\n\n\n\n<p><strong>Como funciona caso eu alugue a casa antes de vender?<\/strong><\/p>\n\n\n\n<p>Se seu im\u00f3vel for alugado antes, voc\u00ea tem a op\u00e7\u00e3o de continuar deixando \u00e0 venda. Todos os interessados em alugar o im\u00f3vel s\u00e3o avisados quando visitam o im\u00f3vel que ele continuar\u00e1 dispon\u00edvel para venda. Caso a loca\u00e7\u00e3o se concretize, no contrato \u00e9 colocada uma cl\u00e1usula que o locat\u00e1rio afirma que tem ci\u00eancia desde o momento que est\u00e1 entrando que o im\u00f3vel continuar\u00e1 \u00e0 venda.&nbsp;<\/p>\n\n\n\n<p><strong>Como proceder se o inquilino n\u00e3o quiser comprar o im\u00f3vel?<\/strong><\/p>\n\n\n\n<p>As visitas pelos interessados devem ser permitidas. No contrato de loca\u00e7\u00e3o que fazemos na imobili\u00e1ria Atual est\u00e1 especificado que o locat\u00e1rio se compromete a permitir as visitas agendadas com 2 dias de anteced\u00eancia. Quando o im\u00f3vel for vendido e o novo comprador n\u00e3o quiser continuar alugando o im\u00f3vel, quiser morar no im\u00f3vel, o locat\u00e1rio ter\u00e1 90 dias para desocupa\u00e7\u00e3o. Caso n\u00e3o desocupe, pode ser multado.&nbsp;<\/p>\n\n\n\n<p><strong>O que preciso fazer para anunciar meu im\u00f3vel para loca\u00e7\u00e3o?<\/strong><\/p>\n\n\n\n<p>S\u00e3o passos simples, primeiro entre em contato conosco e expresse sua vontade de colocar seu im\u00f3vel para loca\u00e7\u00e3o tamb\u00e9m. Depois te enviaremos uma autoriza\u00e7\u00e3o para divulga\u00e7\u00e3o e voc\u00ea assina. Em seguida, faremos uma uma avalia\u00e7\u00e3o e te sugeriremos um valor adequado para loca\u00e7\u00e3o, voc\u00ea aprova ou sugere o valor que gostaria, assim como na venda. Caso voc\u00ea permita, colocamos uma placa de \u201cALUGA-SE\u201d no im\u00f3vel e divulgaremos ele nos principais portais online e redes sociais.\u00a0No v\u00eddeo a seguir, a corretora Fernanda Lopes explica todos os detalhes de como colocar o im\u00f3vel para alugar ou vender em Londrina.<\/p>\n\n\n\n<figure class=\"wp-block-embed is-type-video is-provider-youtube wp-block-embed-youtube wp-embed-aspect-16-9 wp-has-aspect-ratio\"><div class=\"wp-block-embed__wrapper\">\n<iframe loading=\"lazy\" title=\"Como colocar meu im\u00f3vel para vender ou Alugar em Londrina?\" width=\"500\" height=\"281\" src=\"https:\/\/www.youtube.com\/embed\/Nrd_U9WDohU?list=PLpGVyh_30T-XD3bKO01Pv1cgU5OlbdVqg\" frameborder=\"0\" allow=\"accelerometer; autoplay; clipboard-write; encrypted-media; gyroscope; picture-in-picture; web-share\" referrerpolicy=\"strict-origin-when-cross-origin\" allowfullscreen><\/iframe>\n<\/div><\/figure>\n\n\n\n<p>Temos muitos propriet\u00e1rios que alugam seus im\u00f3veis em Londrina e confiam em n\u00f3s para administra\u00e7\u00e3o, a busca para loca\u00e7\u00e3o est\u00e1 muito grande, quer saber mais detalhes para gerar renda com seu im\u00f3vel?&nbsp;<\/p>\n\n\n\n<p>Estamos \u00e0 disposi\u00e7\u00e3o e podemos te ajudar!&nbsp;<\/p>\n\n\n\n<p>Contatos&nbsp; 43 8837-9546 Beatriz Caminoto&nbsp;<\/p>\n","protected":false},"excerpt":{"rendered":"<p>Ser\u00e1 que seu im\u00f3vel alugaria r\u00e1pido? Como anunciar para loca\u00e7\u00e3o? Confira essas e outras respostas<\/p>\n","protected":false},"author":3,"featured_media":448,"comment_status":"open","ping_status":"open","sticky":true,"template":"","format":"standard","meta":{"footnotes":""},"categories":[5],"tags":[89,48,39,54,88,90],"class_list":["post-447","post","type-post","status-publish","format-standard","has-post-thumbnail","hentry","category-economia","tag-alugarimovel","tag-aluguel","tag-imoveislondrina","tag-londrina","tag-proprietariodeimoveis","tag-venderimovel"],"yoast_head":"<!-- This site is optimized with the Yoast SEO plugin v27.5 - https:\/\/yoast.com\/product\/yoast-seo-wordpress\/ -->\n<title>Posso deixar o im\u00f3vel para vender e alugar ao mesmo tempo? - Revista Atual<\/title>\n<meta name=\"description\" content=\"\u00c9 poss\u00edvel anunciar um im\u00f3vel para loca\u00e7\u00e3o e venda ao mesmo tempo em Londrina. Confira tudo que voc\u00ea precisa saber\" \/>\n<meta name=\"robots\" content=\"index, follow, max-snippet:-1, max-image-preview:large, max-video-preview:-1\" \/>\n<link rel=\"canonical\" href=\"https:\/\/www.imobiliariaatual.com.br\/blog\/possodeixaroimovelparavenderealugaraomesmotempo\/\" \/>\n<meta property=\"og:locale\" content=\"pt_BR\" \/>\n<meta property=\"og:type\" content=\"article\" \/>\n<meta property=\"og:title\" content=\"Posso deixar o im\u00f3vel para vender e alugar ao mesmo tempo? - Revista Atual\" \/>\n<meta property=\"og:description\" content=\"\u00c9 poss\u00edvel anunciar um im\u00f3vel para loca\u00e7\u00e3o e venda ao mesmo tempo em Londrina. Confira tudo que voc\u00ea precisa saber\" \/>\n<meta property=\"og:url\" content=\"https:\/\/www.imobiliariaatual.com.br\/blog\/possodeixaroimovelparavenderealugaraomesmotempo\/\" \/>\n<meta property=\"og:site_name\" content=\"Revista Atual\" \/>\n<meta property=\"article:publisher\" content=\"https:\/\/www.facebook.com\/Imobiliariaatuallondrina\/\" \/>\n<meta property=\"article:published_time\" content=\"2023-02-22T19:01:00+00:00\" \/>\n<meta property=\"og:image\" content=\"https:\/\/www.imobiliariaatual.com.br\/blog\/wp-content\/uploads\/2023\/02\/Documento-para-pegar-Imagens.jpg\" \/>\n\t<meta property=\"og:image:width\" content=\"1920\" \/>\n\t<meta property=\"og:image:height\" content=\"1350\" \/>\n\t<meta property=\"og:image:type\" content=\"image\/jpeg\" \/>\n<meta name=\"author\" content=\"Imobili\u00e1ria Atual\" \/>\n<meta name=\"twitter:card\" content=\"summary_large_image\" \/>\n<meta name=\"twitter:label1\" content=\"Escrito por\" \/>\n\t<meta name=\"twitter:data1\" content=\"Imobili\u00e1ria Atual\" \/>\n\t<meta name=\"twitter:label2\" content=\"Est. tempo de leitura\" \/>\n\t<meta name=\"twitter:data2\" content=\"4 minutos\" \/>\n<script type=\"application\/ld+json\" class=\"yoast-schema-graph\">{\"@context\":\"https:\\\/\\\/schema.org\",\"@graph\":[{\"@type\":\"Article\",\"@id\":\"https:\\\/\\\/www.imobiliariaatual.com.br\\\/blog\\\/possodeixaroimovelparavenderealugaraomesmotempo\\\/#article\",\"isPartOf\":{\"@id\":\"https:\\\/\\\/www.imobiliariaatual.com.br\\\/blog\\\/possodeixaroimovelparavenderealugaraomesmotempo\\\/\"},\"author\":{\"name\":\"Imobili\u00e1ria Atual\",\"@id\":\"https:\\\/\\\/www.imobiliariaatual.com.br\\\/blog\\\/#\\\/schema\\\/person\\\/a05b0c0c2a5de889f67dbcd8ac0464b1\"},\"headline\":\"Posso deixar o im\u00f3vel para vender e alugar ao mesmo tempo?\",\"datePublished\":\"2023-02-22T19:01:00+00:00\",\"mainEntityOfPage\":{\"@id\":\"https:\\\/\\\/www.imobiliariaatual.com.br\\\/blog\\\/possodeixaroimovelparavenderealugaraomesmotempo\\\/\"},\"wordCount\":762,\"commentCount\":0,\"publisher\":{\"@id\":\"https:\\\/\\\/www.imobiliariaatual.com.br\\\/blog\\\/#organization\"},\"image\":{\"@id\":\"https:\\\/\\\/www.imobiliariaatual.com.br\\\/blog\\\/possodeixaroimovelparavenderealugaraomesmotempo\\\/#primaryimage\"},\"thumbnailUrl\":\"https:\\\/\\\/www.imobiliariaatual.com.br\\\/blog\\\/wp-content\\\/uploads\\\/2023\\\/02\\\/Documento-para-pegar-Imagens.jpg\",\"keywords\":[\"#alugarimovel\",\"#aluguel\",\"#imoveislondrina\",\"#londrina\",\"#proprietariodeimoveis\",\"#venderimovel\"],\"articleSection\":[\"Economia\"],\"inLanguage\":\"pt-BR\",\"potentialAction\":[{\"@type\":\"CommentAction\",\"name\":\"Comment\",\"target\":[\"https:\\\/\\\/www.imobiliariaatual.com.br\\\/blog\\\/possodeixaroimovelparavenderealugaraomesmotempo\\\/#respond\"]}]},{\"@type\":\"WebPage\",\"@id\":\"https:\\\/\\\/www.imobiliariaatual.com.br\\\/blog\\\/possodeixaroimovelparavenderealugaraomesmotempo\\\/\",\"url\":\"https:\\\/\\\/www.imobiliariaatual.com.br\\\/blog\\\/possodeixaroimovelparavenderealugaraomesmotempo\\\/\",\"name\":\"Posso deixar o im\u00f3vel para vender e alugar ao mesmo tempo? - Revista Atual\",\"isPartOf\":{\"@id\":\"https:\\\/\\\/www.imobiliariaatual.com.br\\\/blog\\\/#website\"},\"primaryImageOfPage\":{\"@id\":\"https:\\\/\\\/www.imobiliariaatual.com.br\\\/blog\\\/possodeixaroimovelparavenderealugaraomesmotempo\\\/#primaryimage\"},\"image\":{\"@id\":\"https:\\\/\\\/www.imobiliariaatual.com.br\\\/blog\\\/possodeixaroimovelparavenderealugaraomesmotempo\\\/#primaryimage\"},\"thumbnailUrl\":\"https:\\\/\\\/www.imobiliariaatual.com.br\\\/blog\\\/wp-content\\\/uploads\\\/2023\\\/02\\\/Documento-para-pegar-Imagens.jpg\",\"datePublished\":\"2023-02-22T19:01:00+00:00\",\"description\":\"\u00c9 poss\u00edvel anunciar um im\u00f3vel para loca\u00e7\u00e3o e venda ao mesmo tempo em Londrina. Confira tudo que voc\u00ea precisa saber\",\"breadcrumb\":{\"@id\":\"https:\\\/\\\/www.imobiliariaatual.com.br\\\/blog\\\/possodeixaroimovelparavenderealugaraomesmotempo\\\/#breadcrumb\"},\"inLanguage\":\"pt-BR\",\"potentialAction\":[{\"@type\":\"ReadAction\",\"target\":[\"https:\\\/\\\/www.imobiliariaatual.com.br\\\/blog\\\/possodeixaroimovelparavenderealugaraomesmotempo\\\/\"]}]},{\"@type\":\"ImageObject\",\"inLanguage\":\"pt-BR\",\"@id\":\"https:\\\/\\\/www.imobiliariaatual.com.br\\\/blog\\\/possodeixaroimovelparavenderealugaraomesmotempo\\\/#primaryimage\",\"url\":\"https:\\\/\\\/www.imobiliariaatual.com.br\\\/blog\\\/wp-content\\\/uploads\\\/2023\\\/02\\\/Documento-para-pegar-Imagens.jpg\",\"contentUrl\":\"https:\\\/\\\/www.imobiliariaatual.com.br\\\/blog\\\/wp-content\\\/uploads\\\/2023\\\/02\\\/Documento-para-pegar-Imagens.jpg\",\"width\":1920,\"height\":1350},{\"@type\":\"BreadcrumbList\",\"@id\":\"https:\\\/\\\/www.imobiliariaatual.com.br\\\/blog\\\/possodeixaroimovelparavenderealugaraomesmotempo\\\/#breadcrumb\",\"itemListElement\":[{\"@type\":\"ListItem\",\"position\":1,\"name\":\"In\u00edcio\",\"item\":\"https:\\\/\\\/www.imobiliariaatual.com.br\\\/blog\\\/\"},{\"@type\":\"ListItem\",\"position\":2,\"name\":\"Posso deixar o im\u00f3vel para vender e alugar ao mesmo tempo?\"}]},{\"@type\":\"WebSite\",\"@id\":\"https:\\\/\\\/www.imobiliariaatual.com.br\\\/blog\\\/#website\",\"url\":\"https:\\\/\\\/www.imobiliariaatual.com.br\\\/blog\\\/\",\"name\":\"Revista Atual\",\"description\":\"Revista Atual\",\"publisher\":{\"@id\":\"https:\\\/\\\/www.imobiliariaatual.com.br\\\/blog\\\/#organization\"},\"potentialAction\":[{\"@type\":\"SearchAction\",\"target\":{\"@type\":\"EntryPoint\",\"urlTemplate\":\"https:\\\/\\\/www.imobiliariaatual.com.br\\\/blog\\\/?s={search_term_string}\"},\"query-input\":{\"@type\":\"PropertyValueSpecification\",\"valueRequired\":true,\"valueName\":\"search_term_string\"}}],\"inLanguage\":\"pt-BR\"},{\"@type\":\"Organization\",\"@id\":\"https:\\\/\\\/www.imobiliariaatual.com.br\\\/blog\\\/#organization\",\"name\":\"Imobili\u00e1ria Atual\",\"url\":\"https:\\\/\\\/www.imobiliariaatual.com.br\\\/blog\\\/\",\"logo\":{\"@type\":\"ImageObject\",\"inLanguage\":\"pt-BR\",\"@id\":\"https:\\\/\\\/www.imobiliariaatual.com.br\\\/blog\\\/#\\\/schema\\\/logo\\\/image\\\/\",\"url\":\"https:\\\/\\\/www.imobiliariaatual.com.br\\\/blog\\\/wp-content\\\/uploads\\\/2021\\\/02\\\/logo-print.png\",\"contentUrl\":\"https:\\\/\\\/www.imobiliariaatual.com.br\\\/blog\\\/wp-content\\\/uploads\\\/2021\\\/02\\\/logo-print.png\",\"width\":193,\"height\":60,\"caption\":\"Imobili\u00e1ria Atual\"},\"image\":{\"@id\":\"https:\\\/\\\/www.imobiliariaatual.com.br\\\/blog\\\/#\\\/schema\\\/logo\\\/image\\\/\"},\"sameAs\":[\"https:\\\/\\\/www.facebook.com\\\/Imobiliariaatuallondrina\\\/\",\"https:\\\/\\\/www.instagram.com\\\/imobiliariaatual\\\/\",\"https:\\\/\\\/www.imobiliariaatual.com.br\\\/blog\\\/imobiliaria-atual-lanca-um-novo-site\\\/\",\"https:\\\/\\\/www.youtube.com\\\/channel\\\/UCGTDKPROSOnTrNzFZM5hE0A\"]},{\"@type\":\"Person\",\"@id\":\"https:\\\/\\\/www.imobiliariaatual.com.br\\\/blog\\\/#\\\/schema\\\/person\\\/a05b0c0c2a5de889f67dbcd8ac0464b1\",\"name\":\"Imobili\u00e1ria Atual\",\"image\":{\"@type\":\"ImageObject\",\"inLanguage\":\"pt-BR\",\"@id\":\"https:\\\/\\\/secure.gravatar.com\\\/avatar\\\/9c1229534b7f7218125b39b8768206dcea992d64b28dcbcfa769d46c13ec3bcb?s=96&d=mm&r=g\",\"url\":\"https:\\\/\\\/secure.gravatar.com\\\/avatar\\\/9c1229534b7f7218125b39b8768206dcea992d64b28dcbcfa769d46c13ec3bcb?s=96&d=mm&r=g\",\"contentUrl\":\"https:\\\/\\\/secure.gravatar.com\\\/avatar\\\/9c1229534b7f7218125b39b8768206dcea992d64b28dcbcfa769d46c13ec3bcb?s=96&d=mm&r=g\",\"caption\":\"Imobili\u00e1ria Atual\"}}]}<\/script>\n<!-- \/ Yoast SEO plugin. -->","yoast_head_json":{"title":"Posso deixar o im\u00f3vel para vender e alugar ao mesmo tempo? - Revista Atual","description":"\u00c9 poss\u00edvel anunciar um im\u00f3vel para loca\u00e7\u00e3o e venda ao mesmo tempo em Londrina. Confira tudo que voc\u00ea precisa saber","robots":{"index":"index","follow":"follow","max-snippet":"max-snippet:-1","max-image-preview":"max-image-preview:large","max-video-preview":"max-video-preview:-1"},"canonical":"https:\/\/www.imobiliariaatual.com.br\/blog\/possodeixaroimovelparavenderealugaraomesmotempo\/","og_locale":"pt_BR","og_type":"article","og_title":"Posso deixar o im\u00f3vel para vender e alugar ao mesmo tempo? - Revista Atual","og_description":"\u00c9 poss\u00edvel anunciar um im\u00f3vel para loca\u00e7\u00e3o e venda ao mesmo tempo em Londrina. Confira tudo que voc\u00ea precisa saber","og_url":"https:\/\/www.imobiliariaatual.com.br\/blog\/possodeixaroimovelparavenderealugaraomesmotempo\/","og_site_name":"Revista Atual","article_publisher":"https:\/\/www.facebook.com\/Imobiliariaatuallondrina\/","article_published_time":"2023-02-22T19:01:00+00:00","og_image":[{"width":1920,"height":1350,"url":"https:\/\/www.imobiliariaatual.com.br\/blog\/wp-content\/uploads\/2023\/02\/Documento-para-pegar-Imagens.jpg","type":"image\/jpeg"}],"author":"Imobili\u00e1ria Atual","twitter_card":"summary_large_image","twitter_misc":{"Escrito por":"Imobili\u00e1ria Atual","Est. tempo de leitura":"4 minutos"},"schema":{"@context":"https:\/\/schema.org","@graph":[{"@type":"Article","@id":"https:\/\/www.imobiliariaatual.com.br\/blog\/possodeixaroimovelparavenderealugaraomesmotempo\/#article","isPartOf":{"@id":"https:\/\/www.imobiliariaatual.com.br\/blog\/possodeixaroimovelparavenderealugaraomesmotempo\/"},"author":{"name":"Imobili\u00e1ria Atual","@id":"https:\/\/www.imobiliariaatual.com.br\/blog\/#\/schema\/person\/a05b0c0c2a5de889f67dbcd8ac0464b1"},"headline":"Posso deixar o im\u00f3vel para vender e alugar ao mesmo tempo?","datePublished":"2023-02-22T19:01:00+00:00","mainEntityOfPage":{"@id":"https:\/\/www.imobiliariaatual.com.br\/blog\/possodeixaroimovelparavenderealugaraomesmotempo\/"},"wordCount":762,"commentCount":0,"publisher":{"@id":"https:\/\/www.imobiliariaatual.com.br\/blog\/#organization"},"image":{"@id":"https:\/\/www.imobiliariaatual.com.br\/blog\/possodeixaroimovelparavenderealugaraomesmotempo\/#primaryimage"},"thumbnailUrl":"https:\/\/www.imobiliariaatual.com.br\/blog\/wp-content\/uploads\/2023\/02\/Documento-para-pegar-Imagens.jpg","keywords":["#alugarimovel","#aluguel","#imoveislondrina","#londrina","#proprietariodeimoveis","#venderimovel"],"articleSection":["Economia"],"inLanguage":"pt-BR","potentialAction":[{"@type":"CommentAction","name":"Comment","target":["https:\/\/www.imobiliariaatual.com.br\/blog\/possodeixaroimovelparavenderealugaraomesmotempo\/#respond"]}]},{"@type":"WebPage","@id":"https:\/\/www.imobiliariaatual.com.br\/blog\/possodeixaroimovelparavenderealugaraomesmotempo\/","url":"https:\/\/www.imobiliariaatual.com.br\/blog\/possodeixaroimovelparavenderealugaraomesmotempo\/","name":"Posso deixar o im\u00f3vel para vender e alugar ao mesmo tempo? - Revista Atual","isPartOf":{"@id":"https:\/\/www.imobiliariaatual.com.br\/blog\/#website"},"primaryImageOfPage":{"@id":"https:\/\/www.imobiliariaatual.com.br\/blog\/possodeixaroimovelparavenderealugaraomesmotempo\/#primaryimage"},"image":{"@id":"https:\/\/www.imobiliariaatual.com.br\/blog\/possodeixaroimovelparavenderealugaraomesmotempo\/#primaryimage"},"thumbnailUrl":"https:\/\/www.imobiliariaatual.com.br\/blog\/wp-content\/uploads\/2023\/02\/Documento-para-pegar-Imagens.jpg","datePublished":"2023-02-22T19:01:00+00:00","description":"\u00c9 poss\u00edvel anunciar um im\u00f3vel para loca\u00e7\u00e3o e venda ao mesmo tempo em Londrina. Confira tudo que voc\u00ea precisa saber","breadcrumb":{"@id":"https:\/\/www.imobiliariaatual.com.br\/blog\/possodeixaroimovelparavenderealugaraomesmotempo\/#breadcrumb"},"inLanguage":"pt-BR","potentialAction":[{"@type":"ReadAction","target":["https:\/\/www.imobiliariaatual.com.br\/blog\/possodeixaroimovelparavenderealugaraomesmotempo\/"]}]},{"@type":"ImageObject","inLanguage":"pt-BR","@id":"https:\/\/www.imobiliariaatual.com.br\/blog\/possodeixaroimovelparavenderealugaraomesmotempo\/#primaryimage","url":"https:\/\/www.imobiliariaatual.com.br\/blog\/wp-content\/uploads\/2023\/02\/Documento-para-pegar-Imagens.jpg","contentUrl":"https:\/\/www.imobiliariaatual.com.br\/blog\/wp-content\/uploads\/2023\/02\/Documento-para-pegar-Imagens.jpg","width":1920,"height":1350},{"@type":"BreadcrumbList","@id":"https:\/\/www.imobiliariaatual.com.br\/blog\/possodeixaroimovelparavenderealugaraomesmotempo\/#breadcrumb","itemListElement":[{"@type":"ListItem","position":1,"name":"In\u00edcio","item":"https:\/\/www.imobiliariaatual.com.br\/blog\/"},{"@type":"ListItem","position":2,"name":"Posso deixar o im\u00f3vel para vender e alugar ao mesmo tempo?"}]},{"@type":"WebSite","@id":"https:\/\/www.imobiliariaatual.com.br\/blog\/#website","url":"https:\/\/www.imobiliariaatual.com.br\/blog\/","name":"Revista Atual","description":"Revista Atual","publisher":{"@id":"https:\/\/www.imobiliariaatual.com.br\/blog\/#organization"},"potentialAction":[{"@type":"SearchAction","target":{"@type":"EntryPoint","urlTemplate":"https:\/\/www.imobiliariaatual.com.br\/blog\/?s={search_term_string}"},"query-input":{"@type":"PropertyValueSpecification","valueRequired":true,"valueName":"search_term_string"}}],"inLanguage":"pt-BR"},{"@type":"Organization","@id":"https:\/\/www.imobiliariaatual.com.br\/blog\/#organization","name":"Imobili\u00e1ria Atual","url":"https:\/\/www.imobiliariaatual.com.br\/blog\/","logo":{"@type":"ImageObject","inLanguage":"pt-BR","@id":"https:\/\/www.imobiliariaatual.com.br\/blog\/#\/schema\/logo\/image\/","url":"https:\/\/www.imobiliariaatual.com.br\/blog\/wp-content\/uploads\/2021\/02\/logo-print.png","contentUrl":"https:\/\/www.imobiliariaatual.com.br\/blog\/wp-content\/uploads\/2021\/02\/logo-print.png","width":193,"height":60,"caption":"Imobili\u00e1ria Atual"},"image":{"@id":"https:\/\/www.imobiliariaatual.com.br\/blog\/#\/schema\/logo\/image\/"},"sameAs":["https:\/\/www.facebook.com\/Imobiliariaatuallondrina\/","https:\/\/www.instagram.com\/imobiliariaatual\/","https:\/\/www.imobiliariaatual.com.br\/blog\/imobiliaria-atual-lanca-um-novo-site\/","https:\/\/www.youtube.com\/channel\/UCGTDKPROSOnTrNzFZM5hE0A"]},{"@type":"Person","@id":"https:\/\/www.imobiliariaatual.com.br\/blog\/#\/schema\/person\/a05b0c0c2a5de889f67dbcd8ac0464b1","name":"Imobili\u00e1ria Atual","image":{"@type":"ImageObject","inLanguage":"pt-BR","@id":"https:\/\/secure.gravatar.com\/avatar\/9c1229534b7f7218125b39b8768206dcea992d64b28dcbcfa769d46c13ec3bcb?s=96&d=mm&r=g","url":"https:\/\/secure.gravatar.com\/avatar\/9c1229534b7f7218125b39b8768206dcea992d64b28dcbcfa769d46c13ec3bcb?s=96&d=mm&r=g","contentUrl":"https:\/\/secure.gravatar.com\/avatar\/9c1229534b7f7218125b39b8768206dcea992d64b28dcbcfa769d46c13ec3bcb?s=96&d=mm&r=g","caption":"Imobili\u00e1ria Atual"}}]}},"_links":{"self":[{"href":"https:\/\/www.imobiliariaatual.com.br\/blog\/wp-json\/wp\/v2\/posts\/447","targetHints":{"allow":["GET"]}}],"collection":[{"href":"https:\/\/www.imobiliariaatual.com.br\/blog\/wp-json\/wp\/v2\/posts"}],"about":[{"href":"https:\/\/www.imobiliariaatual.com.br\/blog\/wp-json\/wp\/v2\/types\/post"}],"author":[{"embeddable":true,"href":"https:\/\/www.imobiliariaatual.com.br\/blog\/wp-json\/wp\/v2\/users\/3"}],"replies":[{"embeddable":true,"href":"https:\/\/www.imobiliariaatual.com.br\/blog\/wp-json\/wp\/v2\/comments?post=447"}],"version-history":[{"count":1,"href":"https:\/\/www.imobiliariaatual.com.br\/blog\/wp-json\/wp\/v2\/posts\/447\/revisions"}],"predecessor-version":[{"id":449,"href":"https:\/\/www.imobiliariaatual.com.br\/blog\/wp-json\/wp\/v2\/posts\/447\/revisions\/449"}],"wp:featuredmedia":[{"embeddable":true,"href":"https:\/\/www.imobiliariaatual.com.br\/blog\/wp-json\/wp\/v2\/media\/448"}],"wp:attachment":[{"href":"https:\/\/www.imobiliariaatual.com.br\/blog\/wp-json\/wp\/v2\/media?parent=447"}],"wp:term":[{"taxonomy":"category","embeddable":true,"href":"https:\/\/www.imobiliariaatual.com.br\/blog\/wp-json\/wp\/v2\/categories?post=447"},{"taxonomy":"post_tag","embeddable":true,"href":"https:\/\/www.imobiliariaatual.com.br\/blog\/wp-json\/wp\/v2\/tags?post=447"}],"curies":[{"name":"wp","href":"https:\/\/api.w.org\/{rel}","templated":true}]}}