{"id":443,"date":"2023-02-07T11:28:19","date_gmt":"2023-02-07T14:28:19","guid":{"rendered":"https:\/\/www.imobiliariaatual.com.br\/blog\/?p=443"},"modified":"2023-02-07T11:28:19","modified_gmt":"2023-02-07T14:28:19","slug":"comoeuseiqueestanahorademudardeimovel","status":"publish","type":"post","link":"https:\/\/www.imobiliariaatual.com.br\/blog\/comoeuseiqueestanahorademudardeimovel\/","title":{"rendered":"Como eu sei est\u00e1 na hora de mudar de im\u00f3vel?"},"content":{"rendered":"\n<p>Voc\u00ea come\u00e7ou o ano se perguntando se 2023 \u00e9 o ano para voc\u00ea alugar outro im\u00f3vel? O bom de ser locat\u00e1rio \u00e9 isso, se seu contrato permite, voc\u00ea pode se mudar com mais facilidade. Mas como mudar e encontrar outro im\u00f3vel nem sempre \u00e9 t\u00e3o f\u00e1cil, descubra se chegou a hora de fazer essa mudan\u00e7a ou n\u00e3o.<\/p>\n\n\n\n<p><strong>Problemas estruturais<\/strong><\/p>\n\n\n\n<p>Problemas estruturais s\u00e3o aqueles que n\u00e3o s\u00e3o resolvidos de forma simples e r\u00e1pida, como uma troca de torneira, s\u00e3o problemas que muitas vezes podem at\u00e9 afetar a sua seguran\u00e7a e da sua fam\u00edlia, como por exemplo: um telhado que est\u00e1 com risco de desabamento, um port\u00e3o que n\u00e3o \u00e9 poss\u00edvel realizar o fechamento. Normalmente, os problemas estruturais s\u00e3o resolvidos pelo dono do im\u00f3vel, mas se eles est\u00e3o acontecendo de forma constante e voc\u00ea n\u00e3o quer ficar sendo incomodado pelas obras, pode ser um sinal que est\u00e1 na hora de voc\u00ea trocar de im\u00f3vel.&nbsp;<\/p>\n\n\n\n<p><strong>Vizinhos<\/strong><\/p>\n\n\n\n<p>Alguns dos problemas mais comuns que existem entre vizinhos s\u00e3o: barulho, fuma\u00e7a por cigarro ou desentendimentos por espa\u00e7o. Se mesmo conversando diretamente com seu vizinho; falando com o s\u00edndico (caso tenha um); fazendo den\u00fancias, se for poss\u00edvel, os problemas persistirem, a mudan\u00e7a \u00e9 a op\u00e7\u00e3o mais vi\u00e1vel para manter sua paz mental e qualidade de vida.<\/p>\n\n\n\n<p><strong>Localiza\u00e7\u00e3o<\/strong><\/p>\n\n\n\n<p>As cidades crescem e se transformam constantemente. Quando voc\u00ea menos espera sua regi\u00e3o est\u00e1 modificada e n\u00e3o te satisfaz mais. Tamb\u00e9m temos os casos que voc\u00ea deseja morar mais perto do trabalho ou da escola dos seus filhos. Ent\u00e3o, se o tempo perdido no tr\u00e2nsito est\u00e1 te incomodando e toda vez que voc\u00ea sai de casa voc\u00ea pensa \u201cNossa, como eu moro longe de tudo que preciso\u201d&#8230; est\u00e1 na hora de considerar a mudan\u00e7a para outra regi\u00e3o.&nbsp;<\/p>\n\n\n\n<p><strong>Espa\u00e7o<\/strong><\/p>\n\n\n\n<p>Quando a fam\u00edlia aumenta, naturalmente precisamos de mais espa\u00e7o. No in\u00edcio, quando ainda \u00e9 um beb\u00ea, pode n\u00e3o parecer isso. Mas conforme a crian\u00e7a vai crescendo tamb\u00e9m vai precisando de mais espa\u00e7o para brincar, explorar e se desenvolver. Em outros casos, voc\u00ea somente foi comprando mais m\u00f3veis e outros bens, e tudo est\u00e1 se acumulando. Em ambos os casos, trocar de im\u00f3vel, pode ser a melhor op\u00e7\u00e3o.<\/p>\n\n\n\n<p><strong>Garagem<\/strong><\/p>\n\n\n\n<p>Voc\u00ea fica com medo do seu carro precisar \u201cdormir na rua\u201d ou n\u00e3o quer ter que pagar estacionamento? Ent\u00e3o, por seguran\u00e7a, economia e comodidade, o melhor \u00e9 ter um im\u00f3vel que comporte todos os seus ve\u00edculos.<\/p>\n\n\n\n<p><strong>Condi\u00e7\u00f5es Financeiras<\/strong><\/p>\n\n\n\n<p>Aqui existem dois cen\u00e1rios, o primeiro \u00e9 que o valor \u00e9 maior do que voc\u00ea gostaria de pagar, ou seja, o aluguel ou condom\u00ednio subiram e voc\u00ea n\u00e3o consegue mais pagar ou voc\u00ea quer economizar com isso. E o segundo cen\u00e1rio \u00e9 que sua condi\u00e7\u00e3o financeira melhorou e voc\u00ea pode investir em um im\u00f3vel que te acomode melhor e te oferece mais qualidade de vida. Em ambos cen\u00e1rios, viver de aluguel te permite mudar para uma casa que seja adequada ao seu padr\u00e3o, sem perder a qualidade de vida.<\/p>\n\n\n\n<p>Se voc\u00ea se encaixa em uma ou mais dessas categorias, ent\u00e3o talvez seja a hora de se mudar. Para facilitar essa troca de im\u00f3vel de Londrina e regi\u00e3o, fale com um de nossos atendentes que te ajudamos a encontrar o im\u00f3vel ideal! Para isso voc\u00ea pode <strong><em><a href=\"https:\/\/api.whatsapp.com\/send\/?phone=554333414060&amp;text&amp;type=phone_number&amp;app_absent=0\">clicar aqui<\/a> <\/em><\/strong>ou nos contactar no telefone (43) 3341-4060<\/p>\n","protected":false},"excerpt":{"rendered":"<p>Listamos 6, dos principais problemas, que indicam que o momento de mudan\u00e7a<\/p>\n","protected":false},"author":3,"featured_media":444,"comment_status":"open","ping_status":"open","sticky":true,"template":"","format":"standard","meta":{"footnotes":""},"categories":[8],"tags":[48,85,54,87,86],"class_list":["post-443","post","type-post","status-publish","format-standard","has-post-thumbnail","hentry","category-comportamento","tag-aluguel","tag-imovellondrina","tag-londrina","tag-mudancalondrina","tag-mudardecasa"],"yoast_head":"<!-- This site is optimized with the Yoast SEO plugin v27.5 - https:\/\/yoast.com\/product\/yoast-seo-wordpress\/ -->\n<title>Como eu sei est\u00e1 na hora de mudar de im\u00f3vel? - Revista Atual<\/title>\n<meta name=\"description\" content=\"Problemas estruturais, crescimento da fam\u00edlia, vizinhos problem\u00e1ticos... confira esses e outros motivos que indicam a hora da mudan\u00e7a\" \/>\n<meta name=\"robots\" content=\"index, follow, max-snippet:-1, max-image-preview:large, max-video-preview:-1\" \/>\n<link rel=\"canonical\" href=\"https:\/\/www.imobiliariaatual.com.br\/blog\/comoeuseiqueestanahorademudardeimovel\/\" \/>\n<meta property=\"og:locale\" content=\"pt_BR\" \/>\n<meta property=\"og:type\" content=\"article\" \/>\n<meta property=\"og:title\" content=\"Como eu sei est\u00e1 na hora de mudar de im\u00f3vel? - Revista Atual\" \/>\n<meta property=\"og:description\" content=\"Problemas estruturais, crescimento da fam\u00edlia, vizinhos problem\u00e1ticos... confira esses e outros motivos que indicam a hora da mudan\u00e7a\" \/>\n<meta property=\"og:url\" content=\"https:\/\/www.imobiliariaatual.com.br\/blog\/comoeuseiqueestanahorademudardeimovel\/\" \/>\n<meta property=\"og:site_name\" content=\"Revista Atual\" \/>\n<meta property=\"article:publisher\" content=\"https:\/\/www.facebook.com\/Imobiliariaatuallondrina\/\" \/>\n<meta property=\"article:published_time\" content=\"2023-02-07T14:28:19+00:00\" \/>\n<meta property=\"og:image\" content=\"https:\/\/www.imobiliariaatual.com.br\/blog\/wp-content\/uploads\/2023\/02\/Atual-posts.jpg\" \/>\n\t<meta property=\"og:image:width\" content=\"1080\" \/>\n\t<meta property=\"og:image:height\" content=\"1080\" \/>\n\t<meta property=\"og:image:type\" content=\"image\/jpeg\" \/>\n<meta name=\"author\" content=\"Imobili\u00e1ria Atual\" \/>\n<meta name=\"twitter:card\" content=\"summary_large_image\" \/>\n<meta name=\"twitter:label1\" content=\"Escrito por\" \/>\n\t<meta name=\"twitter:data1\" content=\"Imobili\u00e1ria Atual\" \/>\n\t<meta name=\"twitter:label2\" content=\"Est. tempo de leitura\" \/>\n\t<meta name=\"twitter:data2\" content=\"3 minutos\" \/>\n<script type=\"application\/ld+json\" class=\"yoast-schema-graph\">{\"@context\":\"https:\\\/\\\/schema.org\",\"@graph\":[{\"@type\":\"Article\",\"@id\":\"https:\\\/\\\/www.imobiliariaatual.com.br\\\/blog\\\/comoeuseiqueestanahorademudardeimovel\\\/#article\",\"isPartOf\":{\"@id\":\"https:\\\/\\\/www.imobiliariaatual.com.br\\\/blog\\\/comoeuseiqueestanahorademudardeimovel\\\/\"},\"author\":{\"name\":\"Imobili\u00e1ria Atual\",\"@id\":\"https:\\\/\\\/www.imobiliariaatual.com.br\\\/blog\\\/#\\\/schema\\\/person\\\/a05b0c0c2a5de889f67dbcd8ac0464b1\"},\"headline\":\"Como eu sei est\u00e1 na hora de mudar de im\u00f3vel?\",\"datePublished\":\"2023-02-07T14:28:19+00:00\",\"mainEntityOfPage\":{\"@id\":\"https:\\\/\\\/www.imobiliariaatual.com.br\\\/blog\\\/comoeuseiqueestanahorademudardeimovel\\\/\"},\"wordCount\":608,\"commentCount\":0,\"publisher\":{\"@id\":\"https:\\\/\\\/www.imobiliariaatual.com.br\\\/blog\\\/#organization\"},\"image\":{\"@id\":\"https:\\\/\\\/www.imobiliariaatual.com.br\\\/blog\\\/comoeuseiqueestanahorademudardeimovel\\\/#primaryimage\"},\"thumbnailUrl\":\"https:\\\/\\\/www.imobiliariaatual.com.br\\\/blog\\\/wp-content\\\/uploads\\\/2023\\\/02\\\/Atual-posts.jpg\",\"keywords\":[\"#aluguel\",\"#imovellondrina\",\"#londrina\",\"#mudan\u00e7alondrina\",\"#mudardecasa\"],\"articleSection\":[\"Comportamento\"],\"inLanguage\":\"pt-BR\",\"potentialAction\":[{\"@type\":\"CommentAction\",\"name\":\"Comment\",\"target\":[\"https:\\\/\\\/www.imobiliariaatual.com.br\\\/blog\\\/comoeuseiqueestanahorademudardeimovel\\\/#respond\"]}]},{\"@type\":\"WebPage\",\"@id\":\"https:\\\/\\\/www.imobiliariaatual.com.br\\\/blog\\\/comoeuseiqueestanahorademudardeimovel\\\/\",\"url\":\"https:\\\/\\\/www.imobiliariaatual.com.br\\\/blog\\\/comoeuseiqueestanahorademudardeimovel\\\/\",\"name\":\"Como eu sei est\u00e1 na hora de mudar de im\u00f3vel? - Revista Atual\",\"isPartOf\":{\"@id\":\"https:\\\/\\\/www.imobiliariaatual.com.br\\\/blog\\\/#website\"},\"primaryImageOfPage\":{\"@id\":\"https:\\\/\\\/www.imobiliariaatual.com.br\\\/blog\\\/comoeuseiqueestanahorademudardeimovel\\\/#primaryimage\"},\"image\":{\"@id\":\"https:\\\/\\\/www.imobiliariaatual.com.br\\\/blog\\\/comoeuseiqueestanahorademudardeimovel\\\/#primaryimage\"},\"thumbnailUrl\":\"https:\\\/\\\/www.imobiliariaatual.com.br\\\/blog\\\/wp-content\\\/uploads\\\/2023\\\/02\\\/Atual-posts.jpg\",\"datePublished\":\"2023-02-07T14:28:19+00:00\",\"description\":\"Problemas estruturais, crescimento da fam\u00edlia, vizinhos problem\u00e1ticos... confira esses e outros motivos que indicam a hora da mudan\u00e7a\",\"breadcrumb\":{\"@id\":\"https:\\\/\\\/www.imobiliariaatual.com.br\\\/blog\\\/comoeuseiqueestanahorademudardeimovel\\\/#breadcrumb\"},\"inLanguage\":\"pt-BR\",\"potentialAction\":[{\"@type\":\"ReadAction\",\"target\":[\"https:\\\/\\\/www.imobiliariaatual.com.br\\\/blog\\\/comoeuseiqueestanahorademudardeimovel\\\/\"]}]},{\"@type\":\"ImageObject\",\"inLanguage\":\"pt-BR\",\"@id\":\"https:\\\/\\\/www.imobiliariaatual.com.br\\\/blog\\\/comoeuseiqueestanahorademudardeimovel\\\/#primaryimage\",\"url\":\"https:\\\/\\\/www.imobiliariaatual.com.br\\\/blog\\\/wp-content\\\/uploads\\\/2023\\\/02\\\/Atual-posts.jpg\",\"contentUrl\":\"https:\\\/\\\/www.imobiliariaatual.com.br\\\/blog\\\/wp-content\\\/uploads\\\/2023\\\/02\\\/Atual-posts.jpg\",\"width\":1080,\"height\":1080},{\"@type\":\"BreadcrumbList\",\"@id\":\"https:\\\/\\\/www.imobiliariaatual.com.br\\\/blog\\\/comoeuseiqueestanahorademudardeimovel\\\/#breadcrumb\",\"itemListElement\":[{\"@type\":\"ListItem\",\"position\":1,\"name\":\"In\u00edcio\",\"item\":\"https:\\\/\\\/www.imobiliariaatual.com.br\\\/blog\\\/\"},{\"@type\":\"ListItem\",\"position\":2,\"name\":\"Como eu sei est\u00e1 na hora de mudar de im\u00f3vel?\"}]},{\"@type\":\"WebSite\",\"@id\":\"https:\\\/\\\/www.imobiliariaatual.com.br\\\/blog\\\/#website\",\"url\":\"https:\\\/\\\/www.imobiliariaatual.com.br\\\/blog\\\/\",\"name\":\"Revista Atual\",\"description\":\"Revista Atual\",\"publisher\":{\"@id\":\"https:\\\/\\\/www.imobiliariaatual.com.br\\\/blog\\\/#organization\"},\"potentialAction\":[{\"@type\":\"SearchAction\",\"target\":{\"@type\":\"EntryPoint\",\"urlTemplate\":\"https:\\\/\\\/www.imobiliariaatual.com.br\\\/blog\\\/?s={search_term_string}\"},\"query-input\":{\"@type\":\"PropertyValueSpecification\",\"valueRequired\":true,\"valueName\":\"search_term_string\"}}],\"inLanguage\":\"pt-BR\"},{\"@type\":\"Organization\",\"@id\":\"https:\\\/\\\/www.imobiliariaatual.com.br\\\/blog\\\/#organization\",\"name\":\"Imobili\u00e1ria Atual\",\"url\":\"https:\\\/\\\/www.imobiliariaatual.com.br\\\/blog\\\/\",\"logo\":{\"@type\":\"ImageObject\",\"inLanguage\":\"pt-BR\",\"@id\":\"https:\\\/\\\/www.imobiliariaatual.com.br\\\/blog\\\/#\\\/schema\\\/logo\\\/image\\\/\",\"url\":\"https:\\\/\\\/www.imobiliariaatual.com.br\\\/blog\\\/wp-content\\\/uploads\\\/2021\\\/02\\\/logo-print.png\",\"contentUrl\":\"https:\\\/\\\/www.imobiliariaatual.com.br\\\/blog\\\/wp-content\\\/uploads\\\/2021\\\/02\\\/logo-print.png\",\"width\":193,\"height\":60,\"caption\":\"Imobili\u00e1ria Atual\"},\"image\":{\"@id\":\"https:\\\/\\\/www.imobiliariaatual.com.br\\\/blog\\\/#\\\/schema\\\/logo\\\/image\\\/\"},\"sameAs\":[\"https:\\\/\\\/www.facebook.com\\\/Imobiliariaatuallondrina\\\/\",\"https:\\\/\\\/www.instagram.com\\\/imobiliariaatual\\\/\",\"https:\\\/\\\/www.imobiliariaatual.com.br\\\/blog\\\/imobiliaria-atual-lanca-um-novo-site\\\/\",\"https:\\\/\\\/www.youtube.com\\\/channel\\\/UCGTDKPROSOnTrNzFZM5hE0A\"]},{\"@type\":\"Person\",\"@id\":\"https:\\\/\\\/www.imobiliariaatual.com.br\\\/blog\\\/#\\\/schema\\\/person\\\/a05b0c0c2a5de889f67dbcd8ac0464b1\",\"name\":\"Imobili\u00e1ria Atual\",\"image\":{\"@type\":\"ImageObject\",\"inLanguage\":\"pt-BR\",\"@id\":\"https:\\\/\\\/secure.gravatar.com\\\/avatar\\\/9c1229534b7f7218125b39b8768206dcea992d64b28dcbcfa769d46c13ec3bcb?s=96&d=mm&r=g\",\"url\":\"https:\\\/\\\/secure.gravatar.com\\\/avatar\\\/9c1229534b7f7218125b39b8768206dcea992d64b28dcbcfa769d46c13ec3bcb?s=96&d=mm&r=g\",\"contentUrl\":\"https:\\\/\\\/secure.gravatar.com\\\/avatar\\\/9c1229534b7f7218125b39b8768206dcea992d64b28dcbcfa769d46c13ec3bcb?s=96&d=mm&r=g\",\"caption\":\"Imobili\u00e1ria Atual\"}}]}<\/script>\n<!-- \/ Yoast SEO plugin. -->","yoast_head_json":{"title":"Como eu sei est\u00e1 na hora de mudar de im\u00f3vel? - Revista Atual","description":"Problemas estruturais, crescimento da fam\u00edlia, vizinhos problem\u00e1ticos... confira esses e outros motivos que indicam a hora da mudan\u00e7a","robots":{"index":"index","follow":"follow","max-snippet":"max-snippet:-1","max-image-preview":"max-image-preview:large","max-video-preview":"max-video-preview:-1"},"canonical":"https:\/\/www.imobiliariaatual.com.br\/blog\/comoeuseiqueestanahorademudardeimovel\/","og_locale":"pt_BR","og_type":"article","og_title":"Como eu sei est\u00e1 na hora de mudar de im\u00f3vel? - Revista Atual","og_description":"Problemas estruturais, crescimento da fam\u00edlia, vizinhos problem\u00e1ticos... confira esses e outros motivos que indicam a hora da mudan\u00e7a","og_url":"https:\/\/www.imobiliariaatual.com.br\/blog\/comoeuseiqueestanahorademudardeimovel\/","og_site_name":"Revista Atual","article_publisher":"https:\/\/www.facebook.com\/Imobiliariaatuallondrina\/","article_published_time":"2023-02-07T14:28:19+00:00","og_image":[{"width":1080,"height":1080,"url":"https:\/\/www.imobiliariaatual.com.br\/blog\/wp-content\/uploads\/2023\/02\/Atual-posts.jpg","type":"image\/jpeg"}],"author":"Imobili\u00e1ria Atual","twitter_card":"summary_large_image","twitter_misc":{"Escrito por":"Imobili\u00e1ria Atual","Est. tempo de leitura":"3 minutos"},"schema":{"@context":"https:\/\/schema.org","@graph":[{"@type":"Article","@id":"https:\/\/www.imobiliariaatual.com.br\/blog\/comoeuseiqueestanahorademudardeimovel\/#article","isPartOf":{"@id":"https:\/\/www.imobiliariaatual.com.br\/blog\/comoeuseiqueestanahorademudardeimovel\/"},"author":{"name":"Imobili\u00e1ria Atual","@id":"https:\/\/www.imobiliariaatual.com.br\/blog\/#\/schema\/person\/a05b0c0c2a5de889f67dbcd8ac0464b1"},"headline":"Como eu sei est\u00e1 na hora de mudar de im\u00f3vel?","datePublished":"2023-02-07T14:28:19+00:00","mainEntityOfPage":{"@id":"https:\/\/www.imobiliariaatual.com.br\/blog\/comoeuseiqueestanahorademudardeimovel\/"},"wordCount":608,"commentCount":0,"publisher":{"@id":"https:\/\/www.imobiliariaatual.com.br\/blog\/#organization"},"image":{"@id":"https:\/\/www.imobiliariaatual.com.br\/blog\/comoeuseiqueestanahorademudardeimovel\/#primaryimage"},"thumbnailUrl":"https:\/\/www.imobiliariaatual.com.br\/blog\/wp-content\/uploads\/2023\/02\/Atual-posts.jpg","keywords":["#aluguel","#imovellondrina","#londrina","#mudan\u00e7alondrina","#mudardecasa"],"articleSection":["Comportamento"],"inLanguage":"pt-BR","potentialAction":[{"@type":"CommentAction","name":"Comment","target":["https:\/\/www.imobiliariaatual.com.br\/blog\/comoeuseiqueestanahorademudardeimovel\/#respond"]}]},{"@type":"WebPage","@id":"https:\/\/www.imobiliariaatual.com.br\/blog\/comoeuseiqueestanahorademudardeimovel\/","url":"https:\/\/www.imobiliariaatual.com.br\/blog\/comoeuseiqueestanahorademudardeimovel\/","name":"Como eu sei est\u00e1 na hora de mudar de im\u00f3vel? - Revista Atual","isPartOf":{"@id":"https:\/\/www.imobiliariaatual.com.br\/blog\/#website"},"primaryImageOfPage":{"@id":"https:\/\/www.imobiliariaatual.com.br\/blog\/comoeuseiqueestanahorademudardeimovel\/#primaryimage"},"image":{"@id":"https:\/\/www.imobiliariaatual.com.br\/blog\/comoeuseiqueestanahorademudardeimovel\/#primaryimage"},"thumbnailUrl":"https:\/\/www.imobiliariaatual.com.br\/blog\/wp-content\/uploads\/2023\/02\/Atual-posts.jpg","datePublished":"2023-02-07T14:28:19+00:00","description":"Problemas estruturais, crescimento da fam\u00edlia, vizinhos problem\u00e1ticos... confira esses e outros motivos que indicam a hora da mudan\u00e7a","breadcrumb":{"@id":"https:\/\/www.imobiliariaatual.com.br\/blog\/comoeuseiqueestanahorademudardeimovel\/#breadcrumb"},"inLanguage":"pt-BR","potentialAction":[{"@type":"ReadAction","target":["https:\/\/www.imobiliariaatual.com.br\/blog\/comoeuseiqueestanahorademudardeimovel\/"]}]},{"@type":"ImageObject","inLanguage":"pt-BR","@id":"https:\/\/www.imobiliariaatual.com.br\/blog\/comoeuseiqueestanahorademudardeimovel\/#primaryimage","url":"https:\/\/www.imobiliariaatual.com.br\/blog\/wp-content\/uploads\/2023\/02\/Atual-posts.jpg","contentUrl":"https:\/\/www.imobiliariaatual.com.br\/blog\/wp-content\/uploads\/2023\/02\/Atual-posts.jpg","width":1080,"height":1080},{"@type":"BreadcrumbList","@id":"https:\/\/www.imobiliariaatual.com.br\/blog\/comoeuseiqueestanahorademudardeimovel\/#breadcrumb","itemListElement":[{"@type":"ListItem","position":1,"name":"In\u00edcio","item":"https:\/\/www.imobiliariaatual.com.br\/blog\/"},{"@type":"ListItem","position":2,"name":"Como eu sei est\u00e1 na hora de mudar de im\u00f3vel?"}]},{"@type":"WebSite","@id":"https:\/\/www.imobiliariaatual.com.br\/blog\/#website","url":"https:\/\/www.imobiliariaatual.com.br\/blog\/","name":"Revista Atual","description":"Revista Atual","publisher":{"@id":"https:\/\/www.imobiliariaatual.com.br\/blog\/#organization"},"potentialAction":[{"@type":"SearchAction","target":{"@type":"EntryPoint","urlTemplate":"https:\/\/www.imobiliariaatual.com.br\/blog\/?s={search_term_string}"},"query-input":{"@type":"PropertyValueSpecification","valueRequired":true,"valueName":"search_term_string"}}],"inLanguage":"pt-BR"},{"@type":"Organization","@id":"https:\/\/www.imobiliariaatual.com.br\/blog\/#organization","name":"Imobili\u00e1ria Atual","url":"https:\/\/www.imobiliariaatual.com.br\/blog\/","logo":{"@type":"ImageObject","inLanguage":"pt-BR","@id":"https:\/\/www.imobiliariaatual.com.br\/blog\/#\/schema\/logo\/image\/","url":"https:\/\/www.imobiliariaatual.com.br\/blog\/wp-content\/uploads\/2021\/02\/logo-print.png","contentUrl":"https:\/\/www.imobiliariaatual.com.br\/blog\/wp-content\/uploads\/2021\/02\/logo-print.png","width":193,"height":60,"caption":"Imobili\u00e1ria Atual"},"image":{"@id":"https:\/\/www.imobiliariaatual.com.br\/blog\/#\/schema\/logo\/image\/"},"sameAs":["https:\/\/www.facebook.com\/Imobiliariaatuallondrina\/","https:\/\/www.instagram.com\/imobiliariaatual\/","https:\/\/www.imobiliariaatual.com.br\/blog\/imobiliaria-atual-lanca-um-novo-site\/","https:\/\/www.youtube.com\/channel\/UCGTDKPROSOnTrNzFZM5hE0A"]},{"@type":"Person","@id":"https:\/\/www.imobiliariaatual.com.br\/blog\/#\/schema\/person\/a05b0c0c2a5de889f67dbcd8ac0464b1","name":"Imobili\u00e1ria Atual","image":{"@type":"ImageObject","inLanguage":"pt-BR","@id":"https:\/\/secure.gravatar.com\/avatar\/9c1229534b7f7218125b39b8768206dcea992d64b28dcbcfa769d46c13ec3bcb?s=96&d=mm&r=g","url":"https:\/\/secure.gravatar.com\/avatar\/9c1229534b7f7218125b39b8768206dcea992d64b28dcbcfa769d46c13ec3bcb?s=96&d=mm&r=g","contentUrl":"https:\/\/secure.gravatar.com\/avatar\/9c1229534b7f7218125b39b8768206dcea992d64b28dcbcfa769d46c13ec3bcb?s=96&d=mm&r=g","caption":"Imobili\u00e1ria Atual"}}]}},"_links":{"self":[{"href":"https:\/\/www.imobiliariaatual.com.br\/blog\/wp-json\/wp\/v2\/posts\/443","targetHints":{"allow":["GET"]}}],"collection":[{"href":"https:\/\/www.imobiliariaatual.com.br\/blog\/wp-json\/wp\/v2\/posts"}],"about":[{"href":"https:\/\/www.imobiliariaatual.com.br\/blog\/wp-json\/wp\/v2\/types\/post"}],"author":[{"embeddable":true,"href":"https:\/\/www.imobiliariaatual.com.br\/blog\/wp-json\/wp\/v2\/users\/3"}],"replies":[{"embeddable":true,"href":"https:\/\/www.imobiliariaatual.com.br\/blog\/wp-json\/wp\/v2\/comments?post=443"}],"version-history":[{"count":1,"href":"https:\/\/www.imobiliariaatual.com.br\/blog\/wp-json\/wp\/v2\/posts\/443\/revisions"}],"predecessor-version":[{"id":445,"href":"https:\/\/www.imobiliariaatual.com.br\/blog\/wp-json\/wp\/v2\/posts\/443\/revisions\/445"}],"wp:featuredmedia":[{"embeddable":true,"href":"https:\/\/www.imobiliariaatual.com.br\/blog\/wp-json\/wp\/v2\/media\/444"}],"wp:attachment":[{"href":"https:\/\/www.imobiliariaatual.com.br\/blog\/wp-json\/wp\/v2\/media?parent=443"}],"wp:term":[{"taxonomy":"category","embeddable":true,"href":"https:\/\/www.imobiliariaatual.com.br\/blog\/wp-json\/wp\/v2\/categories?post=443"},{"taxonomy":"post_tag","embeddable":true,"href":"https:\/\/www.imobiliariaatual.com.br\/blog\/wp-json\/wp\/v2\/tags?post=443"}],"curies":[{"name":"wp","href":"https:\/\/api.w.org\/{rel}","templated":true}]}}