{"id":431,"date":"2022-10-13T11:14:50","date_gmt":"2022-10-13T14:14:50","guid":{"rendered":"https:\/\/www.imobiliariaatual.com.br\/blog\/?p=431"},"modified":"2022-10-13T11:15:29","modified_gmt":"2022-10-13T14:15:29","slug":"oquepodeserfeitocomoimoveldeheranca","status":"publish","type":"post","link":"https:\/\/www.imobiliariaatual.com.br\/blog\/oquepodeserfeitocomoimoveldeheranca\/","title":{"rendered":"O que pode ser feito com o im\u00f3vel de heran\u00e7a?"},"content":{"rendered":"\n<p>Lidar com o luto \u00e9 dif\u00edcil para a maioria das pessoas, ainda mais quando com ele vem a preocupa\u00e7\u00e3o com uma documenta\u00e7\u00e3o infinita, invent\u00e1rio e partilha de bens. Pensando nisso, fizemos essa mat\u00e9ria completa com tudo que voc\u00ea precisa saber sobre o que podem ou n\u00e3o fazer com o im\u00f3vel que foi deixado de heran\u00e7a.<\/p>\n\n\n\n<p>Um erro comum \u00e9 achar que aqueles que fizeram testamento v\u00e3o deixar os familiares livres de burocracias e divis\u00e3o do patrim\u00f4nio. A verdade \u00e9 que o testamento s\u00f3 vale sobre 50% dos bens, os outros 50% s\u00e3o para a vi\u00fava e os filhos, se n\u00e3o houver, ser\u00e1 para outros herdeiros. Somente em exce\u00e7\u00f5es, como casos de agress\u00e3o ou abandono, isso n\u00e3o acontece.&nbsp;<\/p>\n\n\n\n<p>Para definir como fica a divis\u00e3o desses 50% \u00e9 feito o invent\u00e1rio. Para aqueles que querem evitar isso, \u00e9 poss\u00edvel fazer o &#8220;Invent\u00e1rio em Vida&#8221;, que nada mais \u00e9 do que a transfer\u00eancia dos bens ainda em vida. \u00c9 importante ressaltar que todos os herdeiros devem estar de acordo com a partilha e caso um novo herdeiro nas\u00e7a, por exemplo, a partilha deve ser feita novamente. E se feito deve seguir as regras de distribui\u00e7\u00e3o de bens da partilha, caso contr\u00e1rio, quando acontecer o invent\u00e1rio, ele pode ser anulado.<\/p>\n\n\n\n<p><strong>Se o im\u00f3vel estava sendo alugado, como fica o contrato?<\/strong><\/p>\n\n\n\n<p>Pensando que antes da pessoa falecer seu im\u00f3vel estava sendo alugado, o locat\u00e1rio n\u00e3o ter\u00e1 nenhum preju\u00edzo, o contrato continuar\u00e1 normal. \u201cA Lei do Inquilinato afirma que quem ter\u00e1 a responsabilidade legal sobre esse contrato s\u00e3o os herdeiros, e o contrato de loca\u00e7\u00e3o \u00e9 preservado integralmente, ou seja, todas as cl\u00e1usulas nele previstas continuam v\u00e1lidas\u201d, explica a advogada Valentina Ikeda Angnes. Isso acontece de forma autom\u00e1tica, n\u00e3o \u00e9 legalmente necess\u00e1rio mandar uma notifica\u00e7\u00e3o da morte do propriet\u00e1rio ao locat\u00e1rio.<\/p>\n\n\n\n<p><strong>Quem tem direito de morar no im\u00f3vel?<\/strong><\/p>\n\n\n\n<p>Caso o falecido tenha um c\u00f4njuge, essa pessoa tem direito a morar no im\u00f3vel sem pagar aluguel e para sempre, desde que n\u00e3o constitua uma nova uni\u00e3o ou casamento. Angnes garante que: \u201cO chamado direito real de habita\u00e7\u00e3o \u00e9 vital\u00edcio e personal\u00edssimo, a lei o garante independentemente do vi\u00favo ou vi\u00fava possuir outros bens em seu patrim\u00f4nio pessoal\u201d. A advogada ainda explica que mesmo que o falecido tenha filhos, quem tem o direito de moradia \u00e9 a vi\u00fava.&nbsp;<\/p>\n\n\n\n<p><strong>Se quiserem colocar o im\u00f3vel para alugar, o aluguel vai para quem?<\/strong><\/p>\n\n\n\n<p>Poucas pessoas sabem, mas o inventariante, o respons\u00e1vel pelos atos do processo e por administrar os bens durante o invent\u00e1rio, pode colocar o im\u00f3vel para alugar sem a autoriza\u00e7\u00e3o dos demais herdeiros. Contudo antes do invent\u00e1rio ser finalizado, o valor do aluguel ir\u00e1 para o esp\u00f3lio, que \u00e9 quando todos os bens do falecido se tornam uma coisa s\u00f3 e n\u00e3o podem ser divididos at\u00e9 que ocorra a partilha entre os herdeiros. Esses bens do esp\u00f3lio ir\u00e3o para o invent\u00e1rio, que ser\u00e1 dividido entre os herdeiros futuramente. Ou seja, o valor do aluguel n\u00e3o ir\u00e1 nem para a vi\u00fava e nem para os filhos ou pais no primeiro momento.&nbsp;<\/p>\n\n\n\n<p><strong>Em caso de venda, como funciona?<\/strong><\/p>\n\n\n\n<p>\u201cN\u00e3o \u00e9 poss\u00edvel vender um im\u00f3vel sem antes ter sido feita a partilha de bens entre os herdeiros e registrada em cart\u00f3rio\u201d, esclarece a advogada Valentina Ikeda Angnes. Mas todos sabem que esse \u00e9 um processo caro e demorado, ent\u00e3o se houver urg\u00eancia \u00e9 poss\u00edvel pedir uma autoriza\u00e7\u00e3o judicial, ceder direitos heredit\u00e1rios ou ceder a posse a terceiros &#8211; lembrando que ter a posse n\u00e3o significa ser o propriet\u00e1rio.&nbsp;<\/p>\n\n\n\n<p>Se o im\u00f3vel de heran\u00e7a for um bem comum a um casal, o c\u00f4njuge tem direito a 50% do im\u00f3vel e os outros herdeiros aos outros 50%. Ent\u00e3o para vender o im\u00f3vel \u00e9 necess\u00e1rio a autoriza\u00e7\u00e3o do c\u00f4njuge e de todos os herdeiros. Assim como o lucro da venda ser\u00e1 destinado 50% ao marido ou esposa do falecido e 50% aos outros herdeiros.<\/p>\n\n\n\n<p>Em resumo, \u00e9 poss\u00edvel locar, vender, manter com o c\u00f4njuge ou deixar o im\u00f3vel de heran\u00e7a vazio. Nosso conselho: se ningu\u00e9m da fam\u00edlia quer ou pode morar no im\u00f3vel, \u00e9 recomendado alug\u00e1-lo, a renda gerada, assim que ficar dispon\u00edvel, pode ajudar inclusive com os custos do invent\u00e1rio, que n\u00e3o s\u00e3o baixos. Mas para voc\u00ea saber qual o melhor no caso da sua fam\u00edlia, pode nos contactar que fazemos uma avalia\u00e7\u00e3o gratuita do seu im\u00f3vel!<\/p>\n","protected":false},"excerpt":{"rendered":"<p>Quem tem o direito de morar no im\u00f3vel de heran\u00e7a? O im\u00f3vel pode ser colocado para loca\u00e7\u00e3o? <\/p>\n","protected":false},"author":3,"featured_media":432,"comment_status":"open","ping_status":"open","sticky":true,"template":"","format":"standard","meta":{"footnotes":""},"categories":[8],"tags":[48,79,78,81],"class_list":["post-431","post","type-post","status-publish","format-standard","has-post-thumbnail","hentry","category-comportamento","tag-aluguel","tag-heranca","tag-imovel","tag-partilhadebens"],"yoast_head":"<!-- This site is optimized with the Yoast SEO plugin v27.5 - https:\/\/yoast.com\/product\/yoast-seo-wordpress\/ -->\n<title>O que pode ser feito com o im\u00f3vel de heran\u00e7a? - Revista Atual<\/title>\n<meta name=\"description\" content=\"Quem tem o direito de morar no im\u00f3vel de heran\u00e7a? O im\u00f3vel pode ser colocado para loca\u00e7\u00e3o? Veja essas respostas e muito mais\" \/>\n<meta name=\"robots\" content=\"index, follow, max-snippet:-1, max-image-preview:large, max-video-preview:-1\" \/>\n<link rel=\"canonical\" href=\"https:\/\/www.imobiliariaatual.com.br\/blog\/oquepodeserfeitocomoimoveldeheranca\/\" \/>\n<meta property=\"og:locale\" content=\"pt_BR\" \/>\n<meta property=\"og:type\" content=\"article\" \/>\n<meta property=\"og:title\" content=\"O que pode ser feito com o im\u00f3vel de heran\u00e7a? - Revista Atual\" \/>\n<meta property=\"og:description\" content=\"Quem tem o direito de morar no im\u00f3vel de heran\u00e7a? O im\u00f3vel pode ser colocado para loca\u00e7\u00e3o? Veja essas respostas e muito mais\" \/>\n<meta property=\"og:url\" content=\"https:\/\/www.imobiliariaatual.com.br\/blog\/oquepodeserfeitocomoimoveldeheranca\/\" \/>\n<meta property=\"og:site_name\" content=\"Revista Atual\" \/>\n<meta property=\"article:publisher\" content=\"https:\/\/www.facebook.com\/Imobiliariaatuallondrina\/\" \/>\n<meta property=\"article:published_time\" content=\"2022-10-13T14:14:50+00:00\" \/>\n<meta property=\"article:modified_time\" content=\"2022-10-13T14:15:29+00:00\" \/>\n<meta property=\"og:image\" content=\"https:\/\/www.imobiliariaatual.com.br\/blog\/wp-content\/uploads\/2022\/10\/O-que-voce-precisa-saber-1.jpg\" \/>\n\t<meta property=\"og:image:width\" content=\"1200\" \/>\n\t<meta property=\"og:image:height\" content=\"628\" \/>\n\t<meta property=\"og:image:type\" content=\"image\/jpeg\" \/>\n<meta name=\"author\" content=\"Imobili\u00e1ria Atual\" \/>\n<meta name=\"twitter:card\" content=\"summary_large_image\" \/>\n<meta name=\"twitter:label1\" content=\"Escrito por\" \/>\n\t<meta name=\"twitter:data1\" content=\"Imobili\u00e1ria Atual\" \/>\n\t<meta name=\"twitter:label2\" content=\"Est. tempo de leitura\" \/>\n\t<meta name=\"twitter:data2\" content=\"4 minutos\" \/>\n<script type=\"application\/ld+json\" class=\"yoast-schema-graph\">{\"@context\":\"https:\\\/\\\/schema.org\",\"@graph\":[{\"@type\":\"Article\",\"@id\":\"https:\\\/\\\/www.imobiliariaatual.com.br\\\/blog\\\/oquepodeserfeitocomoimoveldeheranca\\\/#article\",\"isPartOf\":{\"@id\":\"https:\\\/\\\/www.imobiliariaatual.com.br\\\/blog\\\/oquepodeserfeitocomoimoveldeheranca\\\/\"},\"author\":{\"name\":\"Imobili\u00e1ria Atual\",\"@id\":\"https:\\\/\\\/www.imobiliariaatual.com.br\\\/blog\\\/#\\\/schema\\\/person\\\/a05b0c0c2a5de889f67dbcd8ac0464b1\"},\"headline\":\"O que pode ser feito com o im\u00f3vel de heran\u00e7a?\",\"datePublished\":\"2022-10-13T14:14:50+00:00\",\"dateModified\":\"2022-10-13T14:15:29+00:00\",\"mainEntityOfPage\":{\"@id\":\"https:\\\/\\\/www.imobiliariaatual.com.br\\\/blog\\\/oquepodeserfeitocomoimoveldeheranca\\\/\"},\"wordCount\":805,\"commentCount\":1,\"publisher\":{\"@id\":\"https:\\\/\\\/www.imobiliariaatual.com.br\\\/blog\\\/#organization\"},\"image\":{\"@id\":\"https:\\\/\\\/www.imobiliariaatual.com.br\\\/blog\\\/oquepodeserfeitocomoimoveldeheranca\\\/#primaryimage\"},\"thumbnailUrl\":\"https:\\\/\\\/www.imobiliariaatual.com.br\\\/blog\\\/wp-content\\\/uploads\\\/2022\\\/10\\\/O-que-voce-precisa-saber-1.jpg\",\"keywords\":[\"#aluguel\",\"#heran\u00e7a\",\"#imovel\",\"#partilhadebens\"],\"articleSection\":[\"Comportamento\"],\"inLanguage\":\"pt-BR\",\"potentialAction\":[{\"@type\":\"CommentAction\",\"name\":\"Comment\",\"target\":[\"https:\\\/\\\/www.imobiliariaatual.com.br\\\/blog\\\/oquepodeserfeitocomoimoveldeheranca\\\/#respond\"]}]},{\"@type\":\"WebPage\",\"@id\":\"https:\\\/\\\/www.imobiliariaatual.com.br\\\/blog\\\/oquepodeserfeitocomoimoveldeheranca\\\/\",\"url\":\"https:\\\/\\\/www.imobiliariaatual.com.br\\\/blog\\\/oquepodeserfeitocomoimoveldeheranca\\\/\",\"name\":\"O que pode ser feito com o im\u00f3vel de heran\u00e7a? - Revista Atual\",\"isPartOf\":{\"@id\":\"https:\\\/\\\/www.imobiliariaatual.com.br\\\/blog\\\/#website\"},\"primaryImageOfPage\":{\"@id\":\"https:\\\/\\\/www.imobiliariaatual.com.br\\\/blog\\\/oquepodeserfeitocomoimoveldeheranca\\\/#primaryimage\"},\"image\":{\"@id\":\"https:\\\/\\\/www.imobiliariaatual.com.br\\\/blog\\\/oquepodeserfeitocomoimoveldeheranca\\\/#primaryimage\"},\"thumbnailUrl\":\"https:\\\/\\\/www.imobiliariaatual.com.br\\\/blog\\\/wp-content\\\/uploads\\\/2022\\\/10\\\/O-que-voce-precisa-saber-1.jpg\",\"datePublished\":\"2022-10-13T14:14:50+00:00\",\"dateModified\":\"2022-10-13T14:15:29+00:00\",\"description\":\"Quem tem o direito de morar no im\u00f3vel de heran\u00e7a? O im\u00f3vel pode ser colocado para loca\u00e7\u00e3o? Veja essas respostas e muito mais\",\"breadcrumb\":{\"@id\":\"https:\\\/\\\/www.imobiliariaatual.com.br\\\/blog\\\/oquepodeserfeitocomoimoveldeheranca\\\/#breadcrumb\"},\"inLanguage\":\"pt-BR\",\"potentialAction\":[{\"@type\":\"ReadAction\",\"target\":[\"https:\\\/\\\/www.imobiliariaatual.com.br\\\/blog\\\/oquepodeserfeitocomoimoveldeheranca\\\/\"]}]},{\"@type\":\"ImageObject\",\"inLanguage\":\"pt-BR\",\"@id\":\"https:\\\/\\\/www.imobiliariaatual.com.br\\\/blog\\\/oquepodeserfeitocomoimoveldeheranca\\\/#primaryimage\",\"url\":\"https:\\\/\\\/www.imobiliariaatual.com.br\\\/blog\\\/wp-content\\\/uploads\\\/2022\\\/10\\\/O-que-voce-precisa-saber-1.jpg\",\"contentUrl\":\"https:\\\/\\\/www.imobiliariaatual.com.br\\\/blog\\\/wp-content\\\/uploads\\\/2022\\\/10\\\/O-que-voce-precisa-saber-1.jpg\",\"width\":1200,\"height\":628},{\"@type\":\"BreadcrumbList\",\"@id\":\"https:\\\/\\\/www.imobiliariaatual.com.br\\\/blog\\\/oquepodeserfeitocomoimoveldeheranca\\\/#breadcrumb\",\"itemListElement\":[{\"@type\":\"ListItem\",\"position\":1,\"name\":\"In\u00edcio\",\"item\":\"https:\\\/\\\/www.imobiliariaatual.com.br\\\/blog\\\/\"},{\"@type\":\"ListItem\",\"position\":2,\"name\":\"O que pode ser feito com o im\u00f3vel de heran\u00e7a?\"}]},{\"@type\":\"WebSite\",\"@id\":\"https:\\\/\\\/www.imobiliariaatual.com.br\\\/blog\\\/#website\",\"url\":\"https:\\\/\\\/www.imobiliariaatual.com.br\\\/blog\\\/\",\"name\":\"Revista Atual\",\"description\":\"Revista Atual\",\"publisher\":{\"@id\":\"https:\\\/\\\/www.imobiliariaatual.com.br\\\/blog\\\/#organization\"},\"potentialAction\":[{\"@type\":\"SearchAction\",\"target\":{\"@type\":\"EntryPoint\",\"urlTemplate\":\"https:\\\/\\\/www.imobiliariaatual.com.br\\\/blog\\\/?s={search_term_string}\"},\"query-input\":{\"@type\":\"PropertyValueSpecification\",\"valueRequired\":true,\"valueName\":\"search_term_string\"}}],\"inLanguage\":\"pt-BR\"},{\"@type\":\"Organization\",\"@id\":\"https:\\\/\\\/www.imobiliariaatual.com.br\\\/blog\\\/#organization\",\"name\":\"Imobili\u00e1ria Atual\",\"url\":\"https:\\\/\\\/www.imobiliariaatual.com.br\\\/blog\\\/\",\"logo\":{\"@type\":\"ImageObject\",\"inLanguage\":\"pt-BR\",\"@id\":\"https:\\\/\\\/www.imobiliariaatual.com.br\\\/blog\\\/#\\\/schema\\\/logo\\\/image\\\/\",\"url\":\"https:\\\/\\\/www.imobiliariaatual.com.br\\\/blog\\\/wp-content\\\/uploads\\\/2021\\\/02\\\/logo-print.png\",\"contentUrl\":\"https:\\\/\\\/www.imobiliariaatual.com.br\\\/blog\\\/wp-content\\\/uploads\\\/2021\\\/02\\\/logo-print.png\",\"width\":193,\"height\":60,\"caption\":\"Imobili\u00e1ria Atual\"},\"image\":{\"@id\":\"https:\\\/\\\/www.imobiliariaatual.com.br\\\/blog\\\/#\\\/schema\\\/logo\\\/image\\\/\"},\"sameAs\":[\"https:\\\/\\\/www.facebook.com\\\/Imobiliariaatuallondrina\\\/\",\"https:\\\/\\\/www.instagram.com\\\/imobiliariaatual\\\/\",\"https:\\\/\\\/www.imobiliariaatual.com.br\\\/blog\\\/imobiliaria-atual-lanca-um-novo-site\\\/\",\"https:\\\/\\\/www.youtube.com\\\/channel\\\/UCGTDKPROSOnTrNzFZM5hE0A\"]},{\"@type\":\"Person\",\"@id\":\"https:\\\/\\\/www.imobiliariaatual.com.br\\\/blog\\\/#\\\/schema\\\/person\\\/a05b0c0c2a5de889f67dbcd8ac0464b1\",\"name\":\"Imobili\u00e1ria Atual\",\"image\":{\"@type\":\"ImageObject\",\"inLanguage\":\"pt-BR\",\"@id\":\"https:\\\/\\\/secure.gravatar.com\\\/avatar\\\/9c1229534b7f7218125b39b8768206dcea992d64b28dcbcfa769d46c13ec3bcb?s=96&d=mm&r=g\",\"url\":\"https:\\\/\\\/secure.gravatar.com\\\/avatar\\\/9c1229534b7f7218125b39b8768206dcea992d64b28dcbcfa769d46c13ec3bcb?s=96&d=mm&r=g\",\"contentUrl\":\"https:\\\/\\\/secure.gravatar.com\\\/avatar\\\/9c1229534b7f7218125b39b8768206dcea992d64b28dcbcfa769d46c13ec3bcb?s=96&d=mm&r=g\",\"caption\":\"Imobili\u00e1ria Atual\"}}]}<\/script>\n<!-- \/ Yoast SEO plugin. -->","yoast_head_json":{"title":"O que pode ser feito com o im\u00f3vel de heran\u00e7a? - Revista Atual","description":"Quem tem o direito de morar no im\u00f3vel de heran\u00e7a? O im\u00f3vel pode ser colocado para loca\u00e7\u00e3o? Veja essas respostas e muito mais","robots":{"index":"index","follow":"follow","max-snippet":"max-snippet:-1","max-image-preview":"max-image-preview:large","max-video-preview":"max-video-preview:-1"},"canonical":"https:\/\/www.imobiliariaatual.com.br\/blog\/oquepodeserfeitocomoimoveldeheranca\/","og_locale":"pt_BR","og_type":"article","og_title":"O que pode ser feito com o im\u00f3vel de heran\u00e7a? - Revista Atual","og_description":"Quem tem o direito de morar no im\u00f3vel de heran\u00e7a? O im\u00f3vel pode ser colocado para loca\u00e7\u00e3o? Veja essas respostas e muito mais","og_url":"https:\/\/www.imobiliariaatual.com.br\/blog\/oquepodeserfeitocomoimoveldeheranca\/","og_site_name":"Revista Atual","article_publisher":"https:\/\/www.facebook.com\/Imobiliariaatuallondrina\/","article_published_time":"2022-10-13T14:14:50+00:00","article_modified_time":"2022-10-13T14:15:29+00:00","og_image":[{"width":1200,"height":628,"url":"https:\/\/www.imobiliariaatual.com.br\/blog\/wp-content\/uploads\/2022\/10\/O-que-voce-precisa-saber-1.jpg","type":"image\/jpeg"}],"author":"Imobili\u00e1ria Atual","twitter_card":"summary_large_image","twitter_misc":{"Escrito por":"Imobili\u00e1ria Atual","Est. tempo de leitura":"4 minutos"},"schema":{"@context":"https:\/\/schema.org","@graph":[{"@type":"Article","@id":"https:\/\/www.imobiliariaatual.com.br\/blog\/oquepodeserfeitocomoimoveldeheranca\/#article","isPartOf":{"@id":"https:\/\/www.imobiliariaatual.com.br\/blog\/oquepodeserfeitocomoimoveldeheranca\/"},"author":{"name":"Imobili\u00e1ria Atual","@id":"https:\/\/www.imobiliariaatual.com.br\/blog\/#\/schema\/person\/a05b0c0c2a5de889f67dbcd8ac0464b1"},"headline":"O que pode ser feito com o im\u00f3vel de heran\u00e7a?","datePublished":"2022-10-13T14:14:50+00:00","dateModified":"2022-10-13T14:15:29+00:00","mainEntityOfPage":{"@id":"https:\/\/www.imobiliariaatual.com.br\/blog\/oquepodeserfeitocomoimoveldeheranca\/"},"wordCount":805,"commentCount":1,"publisher":{"@id":"https:\/\/www.imobiliariaatual.com.br\/blog\/#organization"},"image":{"@id":"https:\/\/www.imobiliariaatual.com.br\/blog\/oquepodeserfeitocomoimoveldeheranca\/#primaryimage"},"thumbnailUrl":"https:\/\/www.imobiliariaatual.com.br\/blog\/wp-content\/uploads\/2022\/10\/O-que-voce-precisa-saber-1.jpg","keywords":["#aluguel","#heran\u00e7a","#imovel","#partilhadebens"],"articleSection":["Comportamento"],"inLanguage":"pt-BR","potentialAction":[{"@type":"CommentAction","name":"Comment","target":["https:\/\/www.imobiliariaatual.com.br\/blog\/oquepodeserfeitocomoimoveldeheranca\/#respond"]}]},{"@type":"WebPage","@id":"https:\/\/www.imobiliariaatual.com.br\/blog\/oquepodeserfeitocomoimoveldeheranca\/","url":"https:\/\/www.imobiliariaatual.com.br\/blog\/oquepodeserfeitocomoimoveldeheranca\/","name":"O que pode ser feito com o im\u00f3vel de heran\u00e7a? - Revista Atual","isPartOf":{"@id":"https:\/\/www.imobiliariaatual.com.br\/blog\/#website"},"primaryImageOfPage":{"@id":"https:\/\/www.imobiliariaatual.com.br\/blog\/oquepodeserfeitocomoimoveldeheranca\/#primaryimage"},"image":{"@id":"https:\/\/www.imobiliariaatual.com.br\/blog\/oquepodeserfeitocomoimoveldeheranca\/#primaryimage"},"thumbnailUrl":"https:\/\/www.imobiliariaatual.com.br\/blog\/wp-content\/uploads\/2022\/10\/O-que-voce-precisa-saber-1.jpg","datePublished":"2022-10-13T14:14:50+00:00","dateModified":"2022-10-13T14:15:29+00:00","description":"Quem tem o direito de morar no im\u00f3vel de heran\u00e7a? O im\u00f3vel pode ser colocado para loca\u00e7\u00e3o? Veja essas respostas e muito mais","breadcrumb":{"@id":"https:\/\/www.imobiliariaatual.com.br\/blog\/oquepodeserfeitocomoimoveldeheranca\/#breadcrumb"},"inLanguage":"pt-BR","potentialAction":[{"@type":"ReadAction","target":["https:\/\/www.imobiliariaatual.com.br\/blog\/oquepodeserfeitocomoimoveldeheranca\/"]}]},{"@type":"ImageObject","inLanguage":"pt-BR","@id":"https:\/\/www.imobiliariaatual.com.br\/blog\/oquepodeserfeitocomoimoveldeheranca\/#primaryimage","url":"https:\/\/www.imobiliariaatual.com.br\/blog\/wp-content\/uploads\/2022\/10\/O-que-voce-precisa-saber-1.jpg","contentUrl":"https:\/\/www.imobiliariaatual.com.br\/blog\/wp-content\/uploads\/2022\/10\/O-que-voce-precisa-saber-1.jpg","width":1200,"height":628},{"@type":"BreadcrumbList","@id":"https:\/\/www.imobiliariaatual.com.br\/blog\/oquepodeserfeitocomoimoveldeheranca\/#breadcrumb","itemListElement":[{"@type":"ListItem","position":1,"name":"In\u00edcio","item":"https:\/\/www.imobiliariaatual.com.br\/blog\/"},{"@type":"ListItem","position":2,"name":"O que pode ser feito com o im\u00f3vel de heran\u00e7a?"}]},{"@type":"WebSite","@id":"https:\/\/www.imobiliariaatual.com.br\/blog\/#website","url":"https:\/\/www.imobiliariaatual.com.br\/blog\/","name":"Revista Atual","description":"Revista Atual","publisher":{"@id":"https:\/\/www.imobiliariaatual.com.br\/blog\/#organization"},"potentialAction":[{"@type":"SearchAction","target":{"@type":"EntryPoint","urlTemplate":"https:\/\/www.imobiliariaatual.com.br\/blog\/?s={search_term_string}"},"query-input":{"@type":"PropertyValueSpecification","valueRequired":true,"valueName":"search_term_string"}}],"inLanguage":"pt-BR"},{"@type":"Organization","@id":"https:\/\/www.imobiliariaatual.com.br\/blog\/#organization","name":"Imobili\u00e1ria Atual","url":"https:\/\/www.imobiliariaatual.com.br\/blog\/","logo":{"@type":"ImageObject","inLanguage":"pt-BR","@id":"https:\/\/www.imobiliariaatual.com.br\/blog\/#\/schema\/logo\/image\/","url":"https:\/\/www.imobiliariaatual.com.br\/blog\/wp-content\/uploads\/2021\/02\/logo-print.png","contentUrl":"https:\/\/www.imobiliariaatual.com.br\/blog\/wp-content\/uploads\/2021\/02\/logo-print.png","width":193,"height":60,"caption":"Imobili\u00e1ria Atual"},"image":{"@id":"https:\/\/www.imobiliariaatual.com.br\/blog\/#\/schema\/logo\/image\/"},"sameAs":["https:\/\/www.facebook.com\/Imobiliariaatuallondrina\/","https:\/\/www.instagram.com\/imobiliariaatual\/","https:\/\/www.imobiliariaatual.com.br\/blog\/imobiliaria-atual-lanca-um-novo-site\/","https:\/\/www.youtube.com\/channel\/UCGTDKPROSOnTrNzFZM5hE0A"]},{"@type":"Person","@id":"https:\/\/www.imobiliariaatual.com.br\/blog\/#\/schema\/person\/a05b0c0c2a5de889f67dbcd8ac0464b1","name":"Imobili\u00e1ria Atual","image":{"@type":"ImageObject","inLanguage":"pt-BR","@id":"https:\/\/secure.gravatar.com\/avatar\/9c1229534b7f7218125b39b8768206dcea992d64b28dcbcfa769d46c13ec3bcb?s=96&d=mm&r=g","url":"https:\/\/secure.gravatar.com\/avatar\/9c1229534b7f7218125b39b8768206dcea992d64b28dcbcfa769d46c13ec3bcb?s=96&d=mm&r=g","contentUrl":"https:\/\/secure.gravatar.com\/avatar\/9c1229534b7f7218125b39b8768206dcea992d64b28dcbcfa769d46c13ec3bcb?s=96&d=mm&r=g","caption":"Imobili\u00e1ria Atual"}}]}},"_links":{"self":[{"href":"https:\/\/www.imobiliariaatual.com.br\/blog\/wp-json\/wp\/v2\/posts\/431","targetHints":{"allow":["GET"]}}],"collection":[{"href":"https:\/\/www.imobiliariaatual.com.br\/blog\/wp-json\/wp\/v2\/posts"}],"about":[{"href":"https:\/\/www.imobiliariaatual.com.br\/blog\/wp-json\/wp\/v2\/types\/post"}],"author":[{"embeddable":true,"href":"https:\/\/www.imobiliariaatual.com.br\/blog\/wp-json\/wp\/v2\/users\/3"}],"replies":[{"embeddable":true,"href":"https:\/\/www.imobiliariaatual.com.br\/blog\/wp-json\/wp\/v2\/comments?post=431"}],"version-history":[{"count":2,"href":"https:\/\/www.imobiliariaatual.com.br\/blog\/wp-json\/wp\/v2\/posts\/431\/revisions"}],"predecessor-version":[{"id":434,"href":"https:\/\/www.imobiliariaatual.com.br\/blog\/wp-json\/wp\/v2\/posts\/431\/revisions\/434"}],"wp:featuredmedia":[{"embeddable":true,"href":"https:\/\/www.imobiliariaatual.com.br\/blog\/wp-json\/wp\/v2\/media\/432"}],"wp:attachment":[{"href":"https:\/\/www.imobiliariaatual.com.br\/blog\/wp-json\/wp\/v2\/media?parent=431"}],"wp:term":[{"taxonomy":"category","embeddable":true,"href":"https:\/\/www.imobiliariaatual.com.br\/blog\/wp-json\/wp\/v2\/categories?post=431"},{"taxonomy":"post_tag","embeddable":true,"href":"https:\/\/www.imobiliariaatual.com.br\/blog\/wp-json\/wp\/v2\/tags?post=431"}],"curies":[{"name":"wp","href":"https:\/\/api.w.org\/{rel}","templated":true}]}}