{"id":422,"date":"2022-09-16T16:51:00","date_gmt":"2022-09-16T19:51:00","guid":{"rendered":"https:\/\/www.imobiliariaatual.com.br\/blog\/?p=422"},"modified":"2022-09-16T17:06:51","modified_gmt":"2022-09-16T20:06:51","slug":"seuimovelemlondrinapodeservendido","status":"publish","type":"post","link":"https:\/\/www.imobiliariaatual.com.br\/blog\/seuimovelemlondrinapodeservendido\/","title":{"rendered":"Seu im\u00f3vel em Londrina pode ser vendido? Confira tudo que \u00e9 necess\u00e1rio"},"content":{"rendered":"\n<p>Tanto para os londrinenses que est\u00e3o investindo no mercado imobili\u00e1rio, quanto para os que est\u00e3o mudando de casa e pretendem vender seu im\u00f3vel, \u00e9 necess\u00e1rio aten\u00e7\u00e3o na documenta\u00e7\u00e3o da venda. Existem proibi\u00e7\u00f5es e necessidades para que essa venda aconte\u00e7a.&nbsp;<\/p>\n\n\n\n<p><strong>O que te IMPEDE de vender seu im\u00f3vel:<\/strong><\/p>\n\n\n\n<ol class=\"wp-block-list\"><li>Ter d\u00edvidas no seu nome ou processos judiciais, principalmente quando elas est\u00e3o relacionadas com o patrim\u00f4nio. Caso o propriet\u00e1rio tenha algum processo na justi\u00e7a e est\u00e1 vendendo o imovel para pagar a d\u00edvida, isso acaba tornando a venda invi\u00e1vel e impedindo a negocia\u00e7\u00e3o.<\/li><\/ol>\n\n\n\n<ol class=\"wp-block-list\" start=\"2\"><li>Fazer obras sem licen\u00e7a e, consequentemente, a metragem da casa n\u00e3o ser compat\u00edvel com a do Registro do Im\u00f3vel. Al\u00e9m de impedir futuras transa\u00e7\u00f5es, pode gerar multas e demoli\u00e7\u00f5es. Ter todas as reformas registradas se chama averba\u00e7\u00e3o do im\u00f3vel.<\/li><\/ol>\n\n\n\n<ol class=\"wp-block-list\" start=\"3\"><li>Ter o condom\u00ednio e o IPTU atrasados n\u00e3o impede a venda do im\u00f3vel, mas&nbsp; a advogada Valentina Ikeda Angnes explica que: \u201cO que ocorre \u00e9 que, caso haja a venda, o novo comprador ir\u00e1 assumir a d\u00edvida. No entanto, o que geralmente acontece \u00e9 que os cart\u00f3rios pedem a carta de quita\u00e7\u00e3o\/certid\u00e3o negativa de d\u00e9bitos para a transfer\u00eancia do im\u00f3vel, e sem isso n\u00e3o fazem a venda\u201c. E \u00e9 respaldada pelo corretor Cleber, que alerta: \u201cIsso \u00e9 geralmente malvisto pelos compradores e s\u00e3o quase nulas as chances de encontrarmos um comprador que pague o valor que o im\u00f3vel teria sem essas d\u00edvidas\u201d.<\/li><\/ol>\n\n\n\n<ol class=\"wp-block-list\" start=\"4\"><li>N\u00e3o ter um profissional qualificado para suporte vai te impedir de vender com mais tranquilidade e seguran\u00e7a. \u201cA imobili\u00e1ria vai avaliar o im\u00f3vel, indicar o pre\u00e7o com base em todas as vari\u00e1veis, verificar se h\u00e1 necessidade de reformas e achar os compradores que est\u00e3o dispostos a pagar o que voc\u00ea est\u00e1 pedindo\u201d, argumenta Cleber.<\/li><\/ol>\n\n\n\n<p><strong>O que PRECISA para vender seu im\u00f3vel:<\/strong><\/p>\n\n\n\n<ol class=\"wp-block-list\"><li>Matr\u00edcula e certid\u00e3o de matr\u00edcula do im\u00f3vel atualizadas. A advogada afirma que: \u201c\u00c9 comum que as pessoas n\u00e3o levem esse documento a s\u00e9rio. Ent\u00e3o, por exemplo, quitam o financiamento e n\u00e3o fazem essa atualiza\u00e7\u00e3o\u201d. O que mais para frente pode atrasar a venda e at\u00e9 acabar com o neg\u00f3cio.<\/li><\/ol>\n\n\n\n<ol class=\"wp-block-list\" start=\"2\"><li>Constar na escritura a transfer\u00eancia entre outros propriet\u00e1rios, se houver.<\/li><\/ol>\n\n\n\n<ol class=\"wp-block-list\" start=\"3\"><li>Uma certid\u00e3o que conste que o im\u00f3vel n\u00e3o est\u00e1 hipotecado ou penhorado, chamada Certid\u00e3o Negativa de \u00d4nus Reais.<\/li><\/ol>\n\n\n\n<ol class=\"wp-block-list\" start=\"4\"><li>Ter o im\u00f3vel quitado, ou seja, o financiamento precisa ter terminado e registrado antes da venda. Ou o comprador precisa fazer um novo financiamento, que pode ser no mesmo banco ou n\u00e3o. Se for em bancos diferentes, um novo contrato de compra e venda entre o antigo e o novo propriet\u00e1rio e com o banco de prefer\u00eancia dos compradores dever\u00e1 ser feito. Nesse caso o novo banco credor pagar\u00e1 a d\u00edvida diretamente ao primeiro banco onde o financiamento foi feito. Mas, caso o primeiro e o segundo credor forem o mesmo, ser\u00e1 feito um contrato entre voc\u00ea, os compradores e o banco. Este \u00faltimo ir\u00e1 estabelecer que uma parte do valor do financiamento ser\u00e1 destinado \u00e0 quita\u00e7\u00e3o da d\u00edvida inicial. \u201cMas nada impede que voc\u00ea coloque seu im\u00f3vel para vender antes de quitar a d\u00edvida, n\u00f3s j\u00e1 tivemos muitos clientes fazendo isso aqui na imobili\u00e1ria\u201d, garante Cleber.\u00a0<\/li><\/ol>\n\n\n\n<p>Ainda tem d\u00favidas se pode vender seu im\u00f3vel?<a href=\"https:\/\/api.whatsapp.com\/send\/?phone=5543998707109&amp;text&amp;type=phone_number&amp;app_absent=0\"> <strong><em>Clique aqui<\/em><\/strong> <\/a>e converse com nossa equipe, vamos te ajudar.&nbsp;<\/p>\n","protected":false},"excerpt":{"rendered":"<p>Corretor e advogada respondem tudo sobre empecilhos para a venda de im\u00f3veis<\/p>\n","protected":false},"author":3,"featured_media":423,"comment_status":"open","ping_status":"open","sticky":true,"template":"","format":"standard","meta":{"footnotes":""},"categories":[5],"tags":[37,69,71,54,72,73],"class_list":["post-422","post","type-post","status-publish","format-standard","has-post-thumbnail","hentry","category-economia","tag-financiamento","tag-imobiliaria","tag-imoveis","tag-londrina","tag-mercadoimobiliario","tag-vendadeimoveis"],"yoast_head":"<!-- This site is optimized with the Yoast SEO plugin v27.5 - https:\/\/yoast.com\/product\/yoast-seo-wordpress\/ -->\n<title>Seu im\u00f3vel em Londrina pode ser vendido? Confira tudo que \u00e9 necess\u00e1rio - Revista Atual<\/title>\n<meta name=\"description\" content=\"Voc\u00ea sabe o que impede seu im\u00f3vel em Londrina de ser vendido e o que \u00e9 necess\u00e1rio para vender? Corretor e advogada respondem\" \/>\n<meta name=\"robots\" content=\"index, follow, max-snippet:-1, max-image-preview:large, max-video-preview:-1\" \/>\n<link rel=\"canonical\" href=\"https:\/\/www.imobiliariaatual.com.br\/blog\/seuimovelemlondrinapodeservendido\/\" \/>\n<meta property=\"og:locale\" content=\"pt_BR\" \/>\n<meta property=\"og:type\" content=\"article\" \/>\n<meta property=\"og:title\" content=\"Seu im\u00f3vel em Londrina pode ser vendido? Confira tudo que \u00e9 necess\u00e1rio - Revista Atual\" \/>\n<meta property=\"og:description\" content=\"Voc\u00ea sabe o que impede seu im\u00f3vel em Londrina de ser vendido e o que \u00e9 necess\u00e1rio para vender? Corretor e advogada respondem\" \/>\n<meta property=\"og:url\" content=\"https:\/\/www.imobiliariaatual.com.br\/blog\/seuimovelemlondrinapodeservendido\/\" \/>\n<meta property=\"og:site_name\" content=\"Revista Atual\" \/>\n<meta property=\"article:publisher\" content=\"https:\/\/www.facebook.com\/Imobiliariaatuallondrina\/\" \/>\n<meta property=\"article:published_time\" content=\"2022-09-16T19:51:00+00:00\" \/>\n<meta property=\"article:modified_time\" content=\"2022-09-16T20:06:51+00:00\" \/>\n<meta property=\"og:image\" content=\"https:\/\/www.imobiliariaatual.com.br\/blog\/wp-content\/uploads\/2022\/09\/oqueimpedeseuimoveldeservendido.jpg\" \/>\n\t<meta property=\"og:image:width\" content=\"1920\" \/>\n\t<meta property=\"og:image:height\" content=\"1080\" \/>\n\t<meta property=\"og:image:type\" content=\"image\/jpeg\" \/>\n<meta name=\"author\" content=\"Imobili\u00e1ria Atual\" \/>\n<meta name=\"twitter:card\" content=\"summary_large_image\" \/>\n<meta name=\"twitter:label1\" content=\"Escrito por\" \/>\n\t<meta name=\"twitter:data1\" content=\"Imobili\u00e1ria Atual\" \/>\n\t<meta name=\"twitter:label2\" content=\"Est. tempo de leitura\" \/>\n\t<meta name=\"twitter:data2\" content=\"3 minutos\" \/>\n<script type=\"application\/ld+json\" class=\"yoast-schema-graph\">{\"@context\":\"https:\\\/\\\/schema.org\",\"@graph\":[{\"@type\":\"Article\",\"@id\":\"https:\\\/\\\/www.imobiliariaatual.com.br\\\/blog\\\/seuimovelemlondrinapodeservendido\\\/#article\",\"isPartOf\":{\"@id\":\"https:\\\/\\\/www.imobiliariaatual.com.br\\\/blog\\\/seuimovelemlondrinapodeservendido\\\/\"},\"author\":{\"name\":\"Imobili\u00e1ria Atual\",\"@id\":\"https:\\\/\\\/www.imobiliariaatual.com.br\\\/blog\\\/#\\\/schema\\\/person\\\/a05b0c0c2a5de889f67dbcd8ac0464b1\"},\"headline\":\"Seu im\u00f3vel em Londrina pode ser vendido? Confira tudo que \u00e9 necess\u00e1rio\",\"datePublished\":\"2022-09-16T19:51:00+00:00\",\"dateModified\":\"2022-09-16T20:06:51+00:00\",\"mainEntityOfPage\":{\"@id\":\"https:\\\/\\\/www.imobiliariaatual.com.br\\\/blog\\\/seuimovelemlondrinapodeservendido\\\/\"},\"wordCount\":622,\"commentCount\":0,\"publisher\":{\"@id\":\"https:\\\/\\\/www.imobiliariaatual.com.br\\\/blog\\\/#organization\"},\"image\":{\"@id\":\"https:\\\/\\\/www.imobiliariaatual.com.br\\\/blog\\\/seuimovelemlondrinapodeservendido\\\/#primaryimage\"},\"thumbnailUrl\":\"https:\\\/\\\/www.imobiliariaatual.com.br\\\/blog\\\/wp-content\\\/uploads\\\/2022\\\/09\\\/oqueimpedeseuimoveldeservendido.jpg\",\"keywords\":[\"#financiamento\",\"#imobiliaria\",\"#imoveis\",\"#londrina\",\"#mercadoimobiliario\",\"#vendadeimoveis\"],\"articleSection\":[\"Economia\"],\"inLanguage\":\"pt-BR\",\"potentialAction\":[{\"@type\":\"CommentAction\",\"name\":\"Comment\",\"target\":[\"https:\\\/\\\/www.imobiliariaatual.com.br\\\/blog\\\/seuimovelemlondrinapodeservendido\\\/#respond\"]}]},{\"@type\":\"WebPage\",\"@id\":\"https:\\\/\\\/www.imobiliariaatual.com.br\\\/blog\\\/seuimovelemlondrinapodeservendido\\\/\",\"url\":\"https:\\\/\\\/www.imobiliariaatual.com.br\\\/blog\\\/seuimovelemlondrinapodeservendido\\\/\",\"name\":\"Seu im\u00f3vel em Londrina pode ser vendido? Confira tudo que \u00e9 necess\u00e1rio - Revista Atual\",\"isPartOf\":{\"@id\":\"https:\\\/\\\/www.imobiliariaatual.com.br\\\/blog\\\/#website\"},\"primaryImageOfPage\":{\"@id\":\"https:\\\/\\\/www.imobiliariaatual.com.br\\\/blog\\\/seuimovelemlondrinapodeservendido\\\/#primaryimage\"},\"image\":{\"@id\":\"https:\\\/\\\/www.imobiliariaatual.com.br\\\/blog\\\/seuimovelemlondrinapodeservendido\\\/#primaryimage\"},\"thumbnailUrl\":\"https:\\\/\\\/www.imobiliariaatual.com.br\\\/blog\\\/wp-content\\\/uploads\\\/2022\\\/09\\\/oqueimpedeseuimoveldeservendido.jpg\",\"datePublished\":\"2022-09-16T19:51:00+00:00\",\"dateModified\":\"2022-09-16T20:06:51+00:00\",\"description\":\"Voc\u00ea sabe o que impede seu im\u00f3vel em Londrina de ser vendido e o que \u00e9 necess\u00e1rio para vender? Corretor e advogada respondem\",\"breadcrumb\":{\"@id\":\"https:\\\/\\\/www.imobiliariaatual.com.br\\\/blog\\\/seuimovelemlondrinapodeservendido\\\/#breadcrumb\"},\"inLanguage\":\"pt-BR\",\"potentialAction\":[{\"@type\":\"ReadAction\",\"target\":[\"https:\\\/\\\/www.imobiliariaatual.com.br\\\/blog\\\/seuimovelemlondrinapodeservendido\\\/\"]}]},{\"@type\":\"ImageObject\",\"inLanguage\":\"pt-BR\",\"@id\":\"https:\\\/\\\/www.imobiliariaatual.com.br\\\/blog\\\/seuimovelemlondrinapodeservendido\\\/#primaryimage\",\"url\":\"https:\\\/\\\/www.imobiliariaatual.com.br\\\/blog\\\/wp-content\\\/uploads\\\/2022\\\/09\\\/oqueimpedeseuimoveldeservendido.jpg\",\"contentUrl\":\"https:\\\/\\\/www.imobiliariaatual.com.br\\\/blog\\\/wp-content\\\/uploads\\\/2022\\\/09\\\/oqueimpedeseuimoveldeservendido.jpg\",\"width\":1920,\"height\":1080},{\"@type\":\"BreadcrumbList\",\"@id\":\"https:\\\/\\\/www.imobiliariaatual.com.br\\\/blog\\\/seuimovelemlondrinapodeservendido\\\/#breadcrumb\",\"itemListElement\":[{\"@type\":\"ListItem\",\"position\":1,\"name\":\"In\u00edcio\",\"item\":\"https:\\\/\\\/www.imobiliariaatual.com.br\\\/blog\\\/\"},{\"@type\":\"ListItem\",\"position\":2,\"name\":\"Seu im\u00f3vel em Londrina pode ser vendido? Confira tudo que \u00e9 necess\u00e1rio\"}]},{\"@type\":\"WebSite\",\"@id\":\"https:\\\/\\\/www.imobiliariaatual.com.br\\\/blog\\\/#website\",\"url\":\"https:\\\/\\\/www.imobiliariaatual.com.br\\\/blog\\\/\",\"name\":\"Revista Atual\",\"description\":\"Revista Atual\",\"publisher\":{\"@id\":\"https:\\\/\\\/www.imobiliariaatual.com.br\\\/blog\\\/#organization\"},\"potentialAction\":[{\"@type\":\"SearchAction\",\"target\":{\"@type\":\"EntryPoint\",\"urlTemplate\":\"https:\\\/\\\/www.imobiliariaatual.com.br\\\/blog\\\/?s={search_term_string}\"},\"query-input\":{\"@type\":\"PropertyValueSpecification\",\"valueRequired\":true,\"valueName\":\"search_term_string\"}}],\"inLanguage\":\"pt-BR\"},{\"@type\":\"Organization\",\"@id\":\"https:\\\/\\\/www.imobiliariaatual.com.br\\\/blog\\\/#organization\",\"name\":\"Imobili\u00e1ria Atual\",\"url\":\"https:\\\/\\\/www.imobiliariaatual.com.br\\\/blog\\\/\",\"logo\":{\"@type\":\"ImageObject\",\"inLanguage\":\"pt-BR\",\"@id\":\"https:\\\/\\\/www.imobiliariaatual.com.br\\\/blog\\\/#\\\/schema\\\/logo\\\/image\\\/\",\"url\":\"https:\\\/\\\/www.imobiliariaatual.com.br\\\/blog\\\/wp-content\\\/uploads\\\/2021\\\/02\\\/logo-print.png\",\"contentUrl\":\"https:\\\/\\\/www.imobiliariaatual.com.br\\\/blog\\\/wp-content\\\/uploads\\\/2021\\\/02\\\/logo-print.png\",\"width\":193,\"height\":60,\"caption\":\"Imobili\u00e1ria Atual\"},\"image\":{\"@id\":\"https:\\\/\\\/www.imobiliariaatual.com.br\\\/blog\\\/#\\\/schema\\\/logo\\\/image\\\/\"},\"sameAs\":[\"https:\\\/\\\/www.facebook.com\\\/Imobiliariaatuallondrina\\\/\",\"https:\\\/\\\/www.instagram.com\\\/imobiliariaatual\\\/\",\"https:\\\/\\\/www.imobiliariaatual.com.br\\\/blog\\\/imobiliaria-atual-lanca-um-novo-site\\\/\",\"https:\\\/\\\/www.youtube.com\\\/channel\\\/UCGTDKPROSOnTrNzFZM5hE0A\"]},{\"@type\":\"Person\",\"@id\":\"https:\\\/\\\/www.imobiliariaatual.com.br\\\/blog\\\/#\\\/schema\\\/person\\\/a05b0c0c2a5de889f67dbcd8ac0464b1\",\"name\":\"Imobili\u00e1ria Atual\",\"image\":{\"@type\":\"ImageObject\",\"inLanguage\":\"pt-BR\",\"@id\":\"https:\\\/\\\/secure.gravatar.com\\\/avatar\\\/9c1229534b7f7218125b39b8768206dcea992d64b28dcbcfa769d46c13ec3bcb?s=96&d=mm&r=g\",\"url\":\"https:\\\/\\\/secure.gravatar.com\\\/avatar\\\/9c1229534b7f7218125b39b8768206dcea992d64b28dcbcfa769d46c13ec3bcb?s=96&d=mm&r=g\",\"contentUrl\":\"https:\\\/\\\/secure.gravatar.com\\\/avatar\\\/9c1229534b7f7218125b39b8768206dcea992d64b28dcbcfa769d46c13ec3bcb?s=96&d=mm&r=g\",\"caption\":\"Imobili\u00e1ria Atual\"}}]}<\/script>\n<!-- \/ Yoast SEO plugin. -->","yoast_head_json":{"title":"Seu im\u00f3vel em Londrina pode ser vendido? Confira tudo que \u00e9 necess\u00e1rio - Revista Atual","description":"Voc\u00ea sabe o que impede seu im\u00f3vel em Londrina de ser vendido e o que \u00e9 necess\u00e1rio para vender? Corretor e advogada respondem","robots":{"index":"index","follow":"follow","max-snippet":"max-snippet:-1","max-image-preview":"max-image-preview:large","max-video-preview":"max-video-preview:-1"},"canonical":"https:\/\/www.imobiliariaatual.com.br\/blog\/seuimovelemlondrinapodeservendido\/","og_locale":"pt_BR","og_type":"article","og_title":"Seu im\u00f3vel em Londrina pode ser vendido? Confira tudo que \u00e9 necess\u00e1rio - Revista Atual","og_description":"Voc\u00ea sabe o que impede seu im\u00f3vel em Londrina de ser vendido e o que \u00e9 necess\u00e1rio para vender? Corretor e advogada respondem","og_url":"https:\/\/www.imobiliariaatual.com.br\/blog\/seuimovelemlondrinapodeservendido\/","og_site_name":"Revista Atual","article_publisher":"https:\/\/www.facebook.com\/Imobiliariaatuallondrina\/","article_published_time":"2022-09-16T19:51:00+00:00","article_modified_time":"2022-09-16T20:06:51+00:00","og_image":[{"width":1920,"height":1080,"url":"https:\/\/www.imobiliariaatual.com.br\/blog\/wp-content\/uploads\/2022\/09\/oqueimpedeseuimoveldeservendido.jpg","type":"image\/jpeg"}],"author":"Imobili\u00e1ria Atual","twitter_card":"summary_large_image","twitter_misc":{"Escrito por":"Imobili\u00e1ria Atual","Est. tempo de leitura":"3 minutos"},"schema":{"@context":"https:\/\/schema.org","@graph":[{"@type":"Article","@id":"https:\/\/www.imobiliariaatual.com.br\/blog\/seuimovelemlondrinapodeservendido\/#article","isPartOf":{"@id":"https:\/\/www.imobiliariaatual.com.br\/blog\/seuimovelemlondrinapodeservendido\/"},"author":{"name":"Imobili\u00e1ria Atual","@id":"https:\/\/www.imobiliariaatual.com.br\/blog\/#\/schema\/person\/a05b0c0c2a5de889f67dbcd8ac0464b1"},"headline":"Seu im\u00f3vel em Londrina pode ser vendido? Confira tudo que \u00e9 necess\u00e1rio","datePublished":"2022-09-16T19:51:00+00:00","dateModified":"2022-09-16T20:06:51+00:00","mainEntityOfPage":{"@id":"https:\/\/www.imobiliariaatual.com.br\/blog\/seuimovelemlondrinapodeservendido\/"},"wordCount":622,"commentCount":0,"publisher":{"@id":"https:\/\/www.imobiliariaatual.com.br\/blog\/#organization"},"image":{"@id":"https:\/\/www.imobiliariaatual.com.br\/blog\/seuimovelemlondrinapodeservendido\/#primaryimage"},"thumbnailUrl":"https:\/\/www.imobiliariaatual.com.br\/blog\/wp-content\/uploads\/2022\/09\/oqueimpedeseuimoveldeservendido.jpg","keywords":["#financiamento","#imobiliaria","#imoveis","#londrina","#mercadoimobiliario","#vendadeimoveis"],"articleSection":["Economia"],"inLanguage":"pt-BR","potentialAction":[{"@type":"CommentAction","name":"Comment","target":["https:\/\/www.imobiliariaatual.com.br\/blog\/seuimovelemlondrinapodeservendido\/#respond"]}]},{"@type":"WebPage","@id":"https:\/\/www.imobiliariaatual.com.br\/blog\/seuimovelemlondrinapodeservendido\/","url":"https:\/\/www.imobiliariaatual.com.br\/blog\/seuimovelemlondrinapodeservendido\/","name":"Seu im\u00f3vel em Londrina pode ser vendido? Confira tudo que \u00e9 necess\u00e1rio - Revista Atual","isPartOf":{"@id":"https:\/\/www.imobiliariaatual.com.br\/blog\/#website"},"primaryImageOfPage":{"@id":"https:\/\/www.imobiliariaatual.com.br\/blog\/seuimovelemlondrinapodeservendido\/#primaryimage"},"image":{"@id":"https:\/\/www.imobiliariaatual.com.br\/blog\/seuimovelemlondrinapodeservendido\/#primaryimage"},"thumbnailUrl":"https:\/\/www.imobiliariaatual.com.br\/blog\/wp-content\/uploads\/2022\/09\/oqueimpedeseuimoveldeservendido.jpg","datePublished":"2022-09-16T19:51:00+00:00","dateModified":"2022-09-16T20:06:51+00:00","description":"Voc\u00ea sabe o que impede seu im\u00f3vel em Londrina de ser vendido e o que \u00e9 necess\u00e1rio para vender? Corretor e advogada respondem","breadcrumb":{"@id":"https:\/\/www.imobiliariaatual.com.br\/blog\/seuimovelemlondrinapodeservendido\/#breadcrumb"},"inLanguage":"pt-BR","potentialAction":[{"@type":"ReadAction","target":["https:\/\/www.imobiliariaatual.com.br\/blog\/seuimovelemlondrinapodeservendido\/"]}]},{"@type":"ImageObject","inLanguage":"pt-BR","@id":"https:\/\/www.imobiliariaatual.com.br\/blog\/seuimovelemlondrinapodeservendido\/#primaryimage","url":"https:\/\/www.imobiliariaatual.com.br\/blog\/wp-content\/uploads\/2022\/09\/oqueimpedeseuimoveldeservendido.jpg","contentUrl":"https:\/\/www.imobiliariaatual.com.br\/blog\/wp-content\/uploads\/2022\/09\/oqueimpedeseuimoveldeservendido.jpg","width":1920,"height":1080},{"@type":"BreadcrumbList","@id":"https:\/\/www.imobiliariaatual.com.br\/blog\/seuimovelemlondrinapodeservendido\/#breadcrumb","itemListElement":[{"@type":"ListItem","position":1,"name":"In\u00edcio","item":"https:\/\/www.imobiliariaatual.com.br\/blog\/"},{"@type":"ListItem","position":2,"name":"Seu im\u00f3vel em Londrina pode ser vendido? Confira tudo que \u00e9 necess\u00e1rio"}]},{"@type":"WebSite","@id":"https:\/\/www.imobiliariaatual.com.br\/blog\/#website","url":"https:\/\/www.imobiliariaatual.com.br\/blog\/","name":"Revista Atual","description":"Revista Atual","publisher":{"@id":"https:\/\/www.imobiliariaatual.com.br\/blog\/#organization"},"potentialAction":[{"@type":"SearchAction","target":{"@type":"EntryPoint","urlTemplate":"https:\/\/www.imobiliariaatual.com.br\/blog\/?s={search_term_string}"},"query-input":{"@type":"PropertyValueSpecification","valueRequired":true,"valueName":"search_term_string"}}],"inLanguage":"pt-BR"},{"@type":"Organization","@id":"https:\/\/www.imobiliariaatual.com.br\/blog\/#organization","name":"Imobili\u00e1ria Atual","url":"https:\/\/www.imobiliariaatual.com.br\/blog\/","logo":{"@type":"ImageObject","inLanguage":"pt-BR","@id":"https:\/\/www.imobiliariaatual.com.br\/blog\/#\/schema\/logo\/image\/","url":"https:\/\/www.imobiliariaatual.com.br\/blog\/wp-content\/uploads\/2021\/02\/logo-print.png","contentUrl":"https:\/\/www.imobiliariaatual.com.br\/blog\/wp-content\/uploads\/2021\/02\/logo-print.png","width":193,"height":60,"caption":"Imobili\u00e1ria Atual"},"image":{"@id":"https:\/\/www.imobiliariaatual.com.br\/blog\/#\/schema\/logo\/image\/"},"sameAs":["https:\/\/www.facebook.com\/Imobiliariaatuallondrina\/","https:\/\/www.instagram.com\/imobiliariaatual\/","https:\/\/www.imobiliariaatual.com.br\/blog\/imobiliaria-atual-lanca-um-novo-site\/","https:\/\/www.youtube.com\/channel\/UCGTDKPROSOnTrNzFZM5hE0A"]},{"@type":"Person","@id":"https:\/\/www.imobiliariaatual.com.br\/blog\/#\/schema\/person\/a05b0c0c2a5de889f67dbcd8ac0464b1","name":"Imobili\u00e1ria Atual","image":{"@type":"ImageObject","inLanguage":"pt-BR","@id":"https:\/\/secure.gravatar.com\/avatar\/9c1229534b7f7218125b39b8768206dcea992d64b28dcbcfa769d46c13ec3bcb?s=96&d=mm&r=g","url":"https:\/\/secure.gravatar.com\/avatar\/9c1229534b7f7218125b39b8768206dcea992d64b28dcbcfa769d46c13ec3bcb?s=96&d=mm&r=g","contentUrl":"https:\/\/secure.gravatar.com\/avatar\/9c1229534b7f7218125b39b8768206dcea992d64b28dcbcfa769d46c13ec3bcb?s=96&d=mm&r=g","caption":"Imobili\u00e1ria Atual"}}]}},"_links":{"self":[{"href":"https:\/\/www.imobiliariaatual.com.br\/blog\/wp-json\/wp\/v2\/posts\/422","targetHints":{"allow":["GET"]}}],"collection":[{"href":"https:\/\/www.imobiliariaatual.com.br\/blog\/wp-json\/wp\/v2\/posts"}],"about":[{"href":"https:\/\/www.imobiliariaatual.com.br\/blog\/wp-json\/wp\/v2\/types\/post"}],"author":[{"embeddable":true,"href":"https:\/\/www.imobiliariaatual.com.br\/blog\/wp-json\/wp\/v2\/users\/3"}],"replies":[{"embeddable":true,"href":"https:\/\/www.imobiliariaatual.com.br\/blog\/wp-json\/wp\/v2\/comments?post=422"}],"version-history":[{"count":2,"href":"https:\/\/www.imobiliariaatual.com.br\/blog\/wp-json\/wp\/v2\/posts\/422\/revisions"}],"predecessor-version":[{"id":425,"href":"https:\/\/www.imobiliariaatual.com.br\/blog\/wp-json\/wp\/v2\/posts\/422\/revisions\/425"}],"wp:featuredmedia":[{"embeddable":true,"href":"https:\/\/www.imobiliariaatual.com.br\/blog\/wp-json\/wp\/v2\/media\/423"}],"wp:attachment":[{"href":"https:\/\/www.imobiliariaatual.com.br\/blog\/wp-json\/wp\/v2\/media?parent=422"}],"wp:term":[{"taxonomy":"category","embeddable":true,"href":"https:\/\/www.imobiliariaatual.com.br\/blog\/wp-json\/wp\/v2\/categories?post=422"},{"taxonomy":"post_tag","embeddable":true,"href":"https:\/\/www.imobiliariaatual.com.br\/blog\/wp-json\/wp\/v2\/tags?post=422"}],"curies":[{"name":"wp","href":"https:\/\/api.w.org\/{rel}","templated":true}]}}