{"id":325,"date":"2021-07-21T15:50:03","date_gmt":"2021-07-21T18:50:03","guid":{"rendered":"https:\/\/www.imobiliariaatual.com.br\/blog\/?p=325"},"modified":"2021-07-21T15:58:12","modified_gmt":"2021-07-21T18:58:12","slug":"oquefazeraodescouparumimovelalugado","status":"publish","type":"post","link":"https:\/\/www.imobiliariaatual.com.br\/blog\/oquefazeraodescouparumimovelalugado\/","title":{"rendered":"O que fazer ao desocupar um im\u00f3vel alugado?"},"content":{"rendered":"\n<p>Muitas vezes na hora de alugar um im\u00f3vel, por conta da ansiedade e euforia pela mudan\u00e7a, os locat\u00e1rios acabam n\u00e3o prestando aten\u00e7\u00e3o nos procedimentos de sa\u00edda, que constam desde sempre no contrato de loca\u00e7\u00e3o. Para n\u00e3o ficar d\u00favidas do que fazer ao desocupar um im\u00f3vel, destacamos aqui as informa\u00e7\u00f5es mais importantes, baseadas na Lei do Inquilinato e o passo a passo para a desocupa\u00e7\u00e3o. Lembrando que o passo a passo pode ser diferente de acordo com cada Imobili\u00e1ria. Aqui na Atual deixamos tudo da forma mais pr\u00e1tica poss\u00edvel.\u00a0<\/p>\n\n\n\n<p>Primeiramente, \u00e9 preciso saber que para formalizar a loca\u00e7\u00e3o \u00e9 feito um contrato, normalmente de 36 meses, podendo ser menor. De acordo com o artigo 4 da Lei 8245\/91 (Lei do Inquilinato) o locat\u00e1rio PODE entregar o im\u00f3vel antes do fim do contrato de um ano, desde que pague a multa pela rescis\u00e3o do contrato. Ou seja, se voc\u00ea quiser desocupar o im\u00f3vel antes de 12 meses, n\u00e3o \u00e9 abusivo e nem errado a cobran\u00e7a da multa.&nbsp;<\/p>\n\n\n\n<ol class=\"wp-block-list\"><li><strong>Aviso de desocupa\u00e7\u00e3o<\/strong>&nbsp;<\/li><\/ol>\n\n\n\n<p>O aviso de desocupa\u00e7\u00e3o deve ser feito com no m\u00ednimo 30 dias de anteced\u00eancia pelo locat\u00e1rio, ele serve para informar ao propriet\u00e1rio do im\u00f3vel que daqui 30 dias o inquilino entregar\u00e1 as chaves. A partir deste aviso \u00e9 feito os demais procedimentos de desocupa\u00e7\u00e3o.&nbsp;<\/p>\n\n\n\n<ol class=\"wp-block-list\" start=\"2\"><li><strong>Desligamento da luz<\/strong><\/li><\/ol>\n\n\n\n<p>Em Londrina, o gerenciamento da luz \u00e9 feito pela COPEL. Para solicitar o desligamento basta o locat\u00e1rio ligar no 0800 51 00 116 com a leitura do rel\u00f3gio. Ap\u00f3s o pedido ser\u00e1 gerada a fatura final, a qual o locat\u00e1rio deve pagar e entregar a c\u00f3pia do pagamento para o vistoriador, no dia da vistoria de sa\u00edda.&nbsp;<\/p>\n\n\n\n<ol class=\"wp-block-list\" start=\"3\"><li><strong>Quita\u00e7\u00e3o de condom\u00ednio&nbsp;<\/strong><\/li><\/ol>\n\n\n\n<p>Quando o im\u00f3vel \u00e9 de um condom\u00ednio \u00e9 preciso que o locat\u00e1rio solicite ao escrit\u00f3rio de administra\u00e7\u00e3o do condom\u00ednio a carta de quita\u00e7\u00e3o. No dia da vistoria de sa\u00edda deve ser entregue ao vistoriador a carta de quita\u00e7\u00e3o e o comprovante do \u00faltimo condom\u00ednio pago.<\/p>\n\n\n\n<ol class=\"wp-block-list\" start=\"4\"><li><strong>Desligamento da \u00e1gua&nbsp;<\/strong><\/li><\/ol>\n\n\n\n<p>N\u00e3o \u00e9 de responsabilidade das Imobili\u00e1rias realizar o pedido de desligamento da \u00e1gua, mas a imobili\u00e1ria Atual, nos dias de hoje, faz este procedimento com a SANEPAR (empresa respons\u00e1vel por este servi\u00e7o em Londrina). Para isso \u00e9 preciso que o inquilino entre em contato com o setor respons\u00e1vel da imobili\u00e1ria 7 DIAS ANTES DE DESOCUPAR e informe A LEITURA DO REL\u00d3GIO e N\u00daMERO DE MATR\u00cdCULA. Ap\u00f3s esta data n\u00e3o poder\u00e1 haver mais consumo. Normalmente a Sanepar leva 3 dias para efetuar o desligamento e lacrar o rel\u00f3gio.\u00a0<\/p>\n\n\n\n<p>\u00c9 enviado ao locat\u00e1rio a fatura final, a qual o comprovante de pagamento tamb\u00e9m deve ser enviado para a imobili\u00e1ria. (Quando a \u00e1gua j\u00e1 est\u00e1 inclusa no condom\u00ednio este procedimento n\u00e3o precisa ser feito).&nbsp;<\/p>\n\n\n\n<ol class=\"wp-block-list\" start=\"5\"><li><strong>Adequar o im\u00f3vel antes de agendar a vistoria de sa\u00edda&nbsp;<\/strong><\/li><\/ol>\n\n\n\n<p>Quando o inquilino entra no im\u00f3vel ele recebe uma lauda da vistoria de entrada, caso ele tenha perdido, pode solicitar uma c\u00f3pia \u00e0 imobili\u00e1ria. Dessa forma, ele consegue conferir se est\u00e1 entregando o im\u00f3vel nas mesmas condi\u00e7\u00f5es que recebeu. Importante ressaltar que se na vistoria de entrada constar pintura nova, por mais que o im\u00f3vel esteja limpo e sem danos \u00e0 pintura, \u00e9 obrigat\u00f3rio a entrega tamb\u00e9m com pintura nova. Qualquer dano que tenha sido causado ao im\u00f3vel, como portas quebradas, janelas e afins, devem ser consertados antes de agendar a vistoria de sa\u00edda.&nbsp;<\/p>\n\n\n\n<ol class=\"wp-block-list\" start=\"6\"><li><strong>Vistoria de sa\u00edda<\/strong>&nbsp;<\/li><\/ol>\n\n\n\n<p>Na Imobili\u00e1ria Atual \u00e9 preciso agendar a vistoria com 2 dias de anteced\u00eancia. Para agendar \u00e9 necess\u00e1rio que a luz e a \u00e1gua estejam desligadas e que o im\u00f3vel esteja de acordo com a vistoria de entrada. Caso ainda tenha irregularidades com a vistoria de entrada, o locat\u00e1rio ser\u00e1 informado e dever\u00e1 fazer as adequa\u00e7\u00f5es.&nbsp;<\/p>\n\n\n\n<p>Inquilinos e propriet\u00e1rios podem acompanhar vistorias de entrada e sa\u00edda, caso desejem. A exig\u00eancia do im\u00f3vel estar conforme foi entregue n\u00e3o \u00e9 uma exig\u00eancia das imobili\u00e1rias ou propriet\u00e1rios, \u00e9 algo previsto tamb\u00e9m pela Lei do Inquilinato. Confira:<\/p>\n\n\n\n<p><em>Art. 22. O <\/em><strong><em>locador<\/em><\/strong><em> \u00e9 obrigado a:<\/em><\/p>\n\n\n\n<p><em>I &#8211; entregar ao locat\u00e1rio o im\u00f3vel alugado em estado de servir ao uso a que se destina;<\/em><\/p>\n\n\n\n<p><em>V &#8211; fornecer ao locat\u00e1rio, caso este solicite, descri\u00e7\u00e3o minuciosa do estado do im\u00f3vel, quando de sua entrega, com expressa refer\u00eancia aos eventuais defeitos existentes;<\/em><\/p>\n\n\n\n<p><em>Art. 23. O <\/em><strong><em>locat\u00e1rio<\/em><\/strong><em> \u00e9 obrigado a:<\/em><\/p>\n\n\n\n<p><em>II &#8211; servir &#8211; se do im\u00f3vel para o uso convencionado ou presumido, compat\u00edvel com a natureza deste e com o fim a que se destina, devendo trat\u00e1 &#8211; lo com o mesmo cuidado como se fosse seu;<\/em><\/p>\n\n\n\n<p><em>III &#8211; restituir o im\u00f3vel, finda a loca\u00e7\u00e3o, no estado em que o recebeu, salvo as deteriora\u00e7\u00f5es decorrentes do seu uso normal;<\/em><\/p>\n\n\n\n<p>Lembrando que \u00e9 preciso bom-senso e an\u00e1lise, \u00e9 natural que uma parede externa sofra a\u00e7\u00f5es com o tempo, mas estar toda riscada de caneta ou com danos causados por animais, por exemplo, n\u00e3o \u00e9 uma a\u00e7\u00e3o do tempo.&nbsp;<\/p>\n\n\n\n<ol class=\"wp-block-list\" start=\"7\"><li><strong>Entrega das chaves<\/strong><\/li><\/ol>\n\n\n\n<p>Assim que for conclu\u00edda a vistoria de sa\u00edda e os d\u00e9bitos de luz, \u00e1gua e condom\u00ednio forem quitados, bem como a regulariza\u00e7\u00e3o de poss\u00edveis avarias que possam ter ficado no im\u00f3vel, \u00e9 feita a entrega das chaves \u00e0 vistoriadora, no dia da confer\u00eancia do im\u00f3vel, momento o qual o locat\u00e1rio deve entregar todas chaves e controles de port\u00f5es que recebeu quando entrou. Nesta etapa \u00e9 feito o documento final da entrega das chaves, que deve ser assinado pelo locat\u00e1rio.<\/p>\n\n\n\n<p>Importante pontuarmos que quando \u00e9 de interesse do locat\u00e1rio realizar benfeitorias ou modifica\u00e7\u00f5es no im\u00f3vel, ele deve pedir a autoriza\u00e7\u00e3o \u00e0 imobili\u00e1ria que verificar\u00e1 com o propriet\u00e1rio. Mesmo que seja autorizada, as benfeitorias ficam incorporadas ao im\u00f3vel, sem direito \u00e0 indeniza\u00e7\u00e3o ou substitui\u00e7\u00e3o dos valores gastos.<\/p>\n\n\n\n<p>Esperamos que este artigo tenha sido \u00fatil para o seu processo de desocupa\u00e7\u00e3o. Como foi pontuado no in\u00edcio, todas as exig\u00eancias s\u00e3o baseadas na Lei do Inquilinato, que resguarda os direitos dos inquilinos e dos propriet\u00e1rios. As imobili\u00e1rias apenas organizam os processos de acordo com os recursos dispon\u00edveis, para que tudo seja feito conforme a lei. Qualquer d\u00favida estamos \u00e0 disposi\u00e7\u00e3o. <\/p>\n","protected":false},"excerpt":{"rendered":"<p>Confira o passo a passo da Atual baseado na Lei do Inquilinato<\/p>\n","protected":false},"author":3,"featured_media":326,"comment_status":"open","ping_status":"open","sticky":true,"template":"","format":"standard","meta":{"footnotes":""},"categories":[8],"tags":[],"class_list":["post-325","post","type-post","status-publish","format-standard","has-post-thumbnail","hentry","category-comportamento"],"yoast_head":"<!-- This site is optimized with the Yoast SEO plugin v27.5 - https:\/\/yoast.com\/product\/yoast-seo-wordpress\/ -->\n<title>O que fazer ao desocupar um im\u00f3vel alugado? - Revista Atual<\/title>\n<meta name=\"description\" content=\"Veja o passo a passo para desocupar um im\u00f3vel alugado, de acordo com a Lei do Inquilinato. Conhe\u00e7a direitos e deveres do locat\u00e1rio\" \/>\n<meta name=\"robots\" content=\"index, follow, max-snippet:-1, max-image-preview:large, max-video-preview:-1\" \/>\n<link rel=\"canonical\" href=\"https:\/\/www.imobiliariaatual.com.br\/blog\/oquefazeraodescouparumimovelalugado\/\" \/>\n<meta property=\"og:locale\" content=\"pt_BR\" \/>\n<meta property=\"og:type\" content=\"article\" \/>\n<meta property=\"og:title\" content=\"O que fazer ao desocupar um im\u00f3vel alugado? - Revista Atual\" \/>\n<meta property=\"og:description\" content=\"Veja o passo a passo para desocupar um im\u00f3vel alugado, de acordo com a Lei do Inquilinato. Conhe\u00e7a direitos e deveres do locat\u00e1rio\" \/>\n<meta property=\"og:url\" content=\"https:\/\/www.imobiliariaatual.com.br\/blog\/oquefazeraodescouparumimovelalugado\/\" \/>\n<meta property=\"og:site_name\" content=\"Revista Atual\" \/>\n<meta property=\"article:publisher\" content=\"https:\/\/www.facebook.com\/Imobiliariaatuallondrina\/\" \/>\n<meta property=\"article:published_time\" content=\"2021-07-21T18:50:03+00:00\" \/>\n<meta property=\"article:modified_time\" content=\"2021-07-21T18:58:12+00:00\" \/>\n<meta property=\"og:image\" content=\"https:\/\/www.imobiliariaatual.com.br\/blog\/wp-content\/uploads\/2021\/07\/oquefazeraodesocuparumimovelalugado.jpg\" \/>\n\t<meta property=\"og:image:width\" content=\"1920\" \/>\n\t<meta property=\"og:image:height\" content=\"1080\" \/>\n\t<meta property=\"og:image:type\" content=\"image\/jpeg\" \/>\n<meta name=\"author\" content=\"Imobili\u00e1ria Atual\" \/>\n<meta name=\"twitter:card\" content=\"summary_large_image\" \/>\n<meta name=\"twitter:label1\" content=\"Escrito por\" \/>\n\t<meta name=\"twitter:data1\" content=\"Imobili\u00e1ria Atual\" \/>\n\t<meta name=\"twitter:label2\" content=\"Est. tempo de leitura\" \/>\n\t<meta name=\"twitter:data2\" content=\"5 minutos\" \/>\n<script type=\"application\/ld+json\" class=\"yoast-schema-graph\">{\"@context\":\"https:\\\/\\\/schema.org\",\"@graph\":[{\"@type\":\"Article\",\"@id\":\"https:\\\/\\\/www.imobiliariaatual.com.br\\\/blog\\\/oquefazeraodescouparumimovelalugado\\\/#article\",\"isPartOf\":{\"@id\":\"https:\\\/\\\/www.imobiliariaatual.com.br\\\/blog\\\/oquefazeraodescouparumimovelalugado\\\/\"},\"author\":{\"name\":\"Imobili\u00e1ria Atual\",\"@id\":\"https:\\\/\\\/www.imobiliariaatual.com.br\\\/blog\\\/#\\\/schema\\\/person\\\/a05b0c0c2a5de889f67dbcd8ac0464b1\"},\"headline\":\"O que fazer ao desocupar um im\u00f3vel alugado?\",\"datePublished\":\"2021-07-21T18:50:03+00:00\",\"dateModified\":\"2021-07-21T18:58:12+00:00\",\"mainEntityOfPage\":{\"@id\":\"https:\\\/\\\/www.imobiliariaatual.com.br\\\/blog\\\/oquefazeraodescouparumimovelalugado\\\/\"},\"wordCount\":1104,\"commentCount\":2,\"publisher\":{\"@id\":\"https:\\\/\\\/www.imobiliariaatual.com.br\\\/blog\\\/#organization\"},\"image\":{\"@id\":\"https:\\\/\\\/www.imobiliariaatual.com.br\\\/blog\\\/oquefazeraodescouparumimovelalugado\\\/#primaryimage\"},\"thumbnailUrl\":\"https:\\\/\\\/www.imobiliariaatual.com.br\\\/blog\\\/wp-content\\\/uploads\\\/2021\\\/07\\\/oquefazeraodesocuparumimovelalugado.jpg\",\"articleSection\":[\"Comportamento\"],\"inLanguage\":\"pt-BR\",\"potentialAction\":[{\"@type\":\"CommentAction\",\"name\":\"Comment\",\"target\":[\"https:\\\/\\\/www.imobiliariaatual.com.br\\\/blog\\\/oquefazeraodescouparumimovelalugado\\\/#respond\"]}]},{\"@type\":\"WebPage\",\"@id\":\"https:\\\/\\\/www.imobiliariaatual.com.br\\\/blog\\\/oquefazeraodescouparumimovelalugado\\\/\",\"url\":\"https:\\\/\\\/www.imobiliariaatual.com.br\\\/blog\\\/oquefazeraodescouparumimovelalugado\\\/\",\"name\":\"O que fazer ao desocupar um im\u00f3vel alugado? - Revista Atual\",\"isPartOf\":{\"@id\":\"https:\\\/\\\/www.imobiliariaatual.com.br\\\/blog\\\/#website\"},\"primaryImageOfPage\":{\"@id\":\"https:\\\/\\\/www.imobiliariaatual.com.br\\\/blog\\\/oquefazeraodescouparumimovelalugado\\\/#primaryimage\"},\"image\":{\"@id\":\"https:\\\/\\\/www.imobiliariaatual.com.br\\\/blog\\\/oquefazeraodescouparumimovelalugado\\\/#primaryimage\"},\"thumbnailUrl\":\"https:\\\/\\\/www.imobiliariaatual.com.br\\\/blog\\\/wp-content\\\/uploads\\\/2021\\\/07\\\/oquefazeraodesocuparumimovelalugado.jpg\",\"datePublished\":\"2021-07-21T18:50:03+00:00\",\"dateModified\":\"2021-07-21T18:58:12+00:00\",\"description\":\"Veja o passo a passo para desocupar um im\u00f3vel alugado, de acordo com a Lei do Inquilinato. Conhe\u00e7a direitos e deveres do locat\u00e1rio\",\"breadcrumb\":{\"@id\":\"https:\\\/\\\/www.imobiliariaatual.com.br\\\/blog\\\/oquefazeraodescouparumimovelalugado\\\/#breadcrumb\"},\"inLanguage\":\"pt-BR\",\"potentialAction\":[{\"@type\":\"ReadAction\",\"target\":[\"https:\\\/\\\/www.imobiliariaatual.com.br\\\/blog\\\/oquefazeraodescouparumimovelalugado\\\/\"]}]},{\"@type\":\"ImageObject\",\"inLanguage\":\"pt-BR\",\"@id\":\"https:\\\/\\\/www.imobiliariaatual.com.br\\\/blog\\\/oquefazeraodescouparumimovelalugado\\\/#primaryimage\",\"url\":\"https:\\\/\\\/www.imobiliariaatual.com.br\\\/blog\\\/wp-content\\\/uploads\\\/2021\\\/07\\\/oquefazeraodesocuparumimovelalugado.jpg\",\"contentUrl\":\"https:\\\/\\\/www.imobiliariaatual.com.br\\\/blog\\\/wp-content\\\/uploads\\\/2021\\\/07\\\/oquefazeraodesocuparumimovelalugado.jpg\",\"width\":1920,\"height\":1080},{\"@type\":\"BreadcrumbList\",\"@id\":\"https:\\\/\\\/www.imobiliariaatual.com.br\\\/blog\\\/oquefazeraodescouparumimovelalugado\\\/#breadcrumb\",\"itemListElement\":[{\"@type\":\"ListItem\",\"position\":1,\"name\":\"In\u00edcio\",\"item\":\"https:\\\/\\\/www.imobiliariaatual.com.br\\\/blog\\\/\"},{\"@type\":\"ListItem\",\"position\":2,\"name\":\"O que fazer ao desocupar um im\u00f3vel alugado?\"}]},{\"@type\":\"WebSite\",\"@id\":\"https:\\\/\\\/www.imobiliariaatual.com.br\\\/blog\\\/#website\",\"url\":\"https:\\\/\\\/www.imobiliariaatual.com.br\\\/blog\\\/\",\"name\":\"Revista Atual\",\"description\":\"Revista Atual\",\"publisher\":{\"@id\":\"https:\\\/\\\/www.imobiliariaatual.com.br\\\/blog\\\/#organization\"},\"potentialAction\":[{\"@type\":\"SearchAction\",\"target\":{\"@type\":\"EntryPoint\",\"urlTemplate\":\"https:\\\/\\\/www.imobiliariaatual.com.br\\\/blog\\\/?s={search_term_string}\"},\"query-input\":{\"@type\":\"PropertyValueSpecification\",\"valueRequired\":true,\"valueName\":\"search_term_string\"}}],\"inLanguage\":\"pt-BR\"},{\"@type\":\"Organization\",\"@id\":\"https:\\\/\\\/www.imobiliariaatual.com.br\\\/blog\\\/#organization\",\"name\":\"Imobili\u00e1ria Atual\",\"url\":\"https:\\\/\\\/www.imobiliariaatual.com.br\\\/blog\\\/\",\"logo\":{\"@type\":\"ImageObject\",\"inLanguage\":\"pt-BR\",\"@id\":\"https:\\\/\\\/www.imobiliariaatual.com.br\\\/blog\\\/#\\\/schema\\\/logo\\\/image\\\/\",\"url\":\"https:\\\/\\\/www.imobiliariaatual.com.br\\\/blog\\\/wp-content\\\/uploads\\\/2021\\\/02\\\/logo-print.png\",\"contentUrl\":\"https:\\\/\\\/www.imobiliariaatual.com.br\\\/blog\\\/wp-content\\\/uploads\\\/2021\\\/02\\\/logo-print.png\",\"width\":193,\"height\":60,\"caption\":\"Imobili\u00e1ria Atual\"},\"image\":{\"@id\":\"https:\\\/\\\/www.imobiliariaatual.com.br\\\/blog\\\/#\\\/schema\\\/logo\\\/image\\\/\"},\"sameAs\":[\"https:\\\/\\\/www.facebook.com\\\/Imobiliariaatuallondrina\\\/\",\"https:\\\/\\\/www.instagram.com\\\/imobiliariaatual\\\/\",\"https:\\\/\\\/www.imobiliariaatual.com.br\\\/blog\\\/imobiliaria-atual-lanca-um-novo-site\\\/\",\"https:\\\/\\\/www.youtube.com\\\/channel\\\/UCGTDKPROSOnTrNzFZM5hE0A\"]},{\"@type\":\"Person\",\"@id\":\"https:\\\/\\\/www.imobiliariaatual.com.br\\\/blog\\\/#\\\/schema\\\/person\\\/a05b0c0c2a5de889f67dbcd8ac0464b1\",\"name\":\"Imobili\u00e1ria Atual\",\"image\":{\"@type\":\"ImageObject\",\"inLanguage\":\"pt-BR\",\"@id\":\"https:\\\/\\\/secure.gravatar.com\\\/avatar\\\/9c1229534b7f7218125b39b8768206dcea992d64b28dcbcfa769d46c13ec3bcb?s=96&d=mm&r=g\",\"url\":\"https:\\\/\\\/secure.gravatar.com\\\/avatar\\\/9c1229534b7f7218125b39b8768206dcea992d64b28dcbcfa769d46c13ec3bcb?s=96&d=mm&r=g\",\"contentUrl\":\"https:\\\/\\\/secure.gravatar.com\\\/avatar\\\/9c1229534b7f7218125b39b8768206dcea992d64b28dcbcfa769d46c13ec3bcb?s=96&d=mm&r=g\",\"caption\":\"Imobili\u00e1ria Atual\"}}]}<\/script>\n<!-- \/ Yoast SEO plugin. -->","yoast_head_json":{"title":"O que fazer ao desocupar um im\u00f3vel alugado? - Revista Atual","description":"Veja o passo a passo para desocupar um im\u00f3vel alugado, de acordo com a Lei do Inquilinato. Conhe\u00e7a direitos e deveres do locat\u00e1rio","robots":{"index":"index","follow":"follow","max-snippet":"max-snippet:-1","max-image-preview":"max-image-preview:large","max-video-preview":"max-video-preview:-1"},"canonical":"https:\/\/www.imobiliariaatual.com.br\/blog\/oquefazeraodescouparumimovelalugado\/","og_locale":"pt_BR","og_type":"article","og_title":"O que fazer ao desocupar um im\u00f3vel alugado? - Revista Atual","og_description":"Veja o passo a passo para desocupar um im\u00f3vel alugado, de acordo com a Lei do Inquilinato. Conhe\u00e7a direitos e deveres do locat\u00e1rio","og_url":"https:\/\/www.imobiliariaatual.com.br\/blog\/oquefazeraodescouparumimovelalugado\/","og_site_name":"Revista Atual","article_publisher":"https:\/\/www.facebook.com\/Imobiliariaatuallondrina\/","article_published_time":"2021-07-21T18:50:03+00:00","article_modified_time":"2021-07-21T18:58:12+00:00","og_image":[{"width":1920,"height":1080,"url":"https:\/\/www.imobiliariaatual.com.br\/blog\/wp-content\/uploads\/2021\/07\/oquefazeraodesocuparumimovelalugado.jpg","type":"image\/jpeg"}],"author":"Imobili\u00e1ria Atual","twitter_card":"summary_large_image","twitter_misc":{"Escrito por":"Imobili\u00e1ria Atual","Est. tempo de leitura":"5 minutos"},"schema":{"@context":"https:\/\/schema.org","@graph":[{"@type":"Article","@id":"https:\/\/www.imobiliariaatual.com.br\/blog\/oquefazeraodescouparumimovelalugado\/#article","isPartOf":{"@id":"https:\/\/www.imobiliariaatual.com.br\/blog\/oquefazeraodescouparumimovelalugado\/"},"author":{"name":"Imobili\u00e1ria Atual","@id":"https:\/\/www.imobiliariaatual.com.br\/blog\/#\/schema\/person\/a05b0c0c2a5de889f67dbcd8ac0464b1"},"headline":"O que fazer ao desocupar um im\u00f3vel alugado?","datePublished":"2021-07-21T18:50:03+00:00","dateModified":"2021-07-21T18:58:12+00:00","mainEntityOfPage":{"@id":"https:\/\/www.imobiliariaatual.com.br\/blog\/oquefazeraodescouparumimovelalugado\/"},"wordCount":1104,"commentCount":2,"publisher":{"@id":"https:\/\/www.imobiliariaatual.com.br\/blog\/#organization"},"image":{"@id":"https:\/\/www.imobiliariaatual.com.br\/blog\/oquefazeraodescouparumimovelalugado\/#primaryimage"},"thumbnailUrl":"https:\/\/www.imobiliariaatual.com.br\/blog\/wp-content\/uploads\/2021\/07\/oquefazeraodesocuparumimovelalugado.jpg","articleSection":["Comportamento"],"inLanguage":"pt-BR","potentialAction":[{"@type":"CommentAction","name":"Comment","target":["https:\/\/www.imobiliariaatual.com.br\/blog\/oquefazeraodescouparumimovelalugado\/#respond"]}]},{"@type":"WebPage","@id":"https:\/\/www.imobiliariaatual.com.br\/blog\/oquefazeraodescouparumimovelalugado\/","url":"https:\/\/www.imobiliariaatual.com.br\/blog\/oquefazeraodescouparumimovelalugado\/","name":"O que fazer ao desocupar um im\u00f3vel alugado? - Revista Atual","isPartOf":{"@id":"https:\/\/www.imobiliariaatual.com.br\/blog\/#website"},"primaryImageOfPage":{"@id":"https:\/\/www.imobiliariaatual.com.br\/blog\/oquefazeraodescouparumimovelalugado\/#primaryimage"},"image":{"@id":"https:\/\/www.imobiliariaatual.com.br\/blog\/oquefazeraodescouparumimovelalugado\/#primaryimage"},"thumbnailUrl":"https:\/\/www.imobiliariaatual.com.br\/blog\/wp-content\/uploads\/2021\/07\/oquefazeraodesocuparumimovelalugado.jpg","datePublished":"2021-07-21T18:50:03+00:00","dateModified":"2021-07-21T18:58:12+00:00","description":"Veja o passo a passo para desocupar um im\u00f3vel alugado, de acordo com a Lei do Inquilinato. Conhe\u00e7a direitos e deveres do locat\u00e1rio","breadcrumb":{"@id":"https:\/\/www.imobiliariaatual.com.br\/blog\/oquefazeraodescouparumimovelalugado\/#breadcrumb"},"inLanguage":"pt-BR","potentialAction":[{"@type":"ReadAction","target":["https:\/\/www.imobiliariaatual.com.br\/blog\/oquefazeraodescouparumimovelalugado\/"]}]},{"@type":"ImageObject","inLanguage":"pt-BR","@id":"https:\/\/www.imobiliariaatual.com.br\/blog\/oquefazeraodescouparumimovelalugado\/#primaryimage","url":"https:\/\/www.imobiliariaatual.com.br\/blog\/wp-content\/uploads\/2021\/07\/oquefazeraodesocuparumimovelalugado.jpg","contentUrl":"https:\/\/www.imobiliariaatual.com.br\/blog\/wp-content\/uploads\/2021\/07\/oquefazeraodesocuparumimovelalugado.jpg","width":1920,"height":1080},{"@type":"BreadcrumbList","@id":"https:\/\/www.imobiliariaatual.com.br\/blog\/oquefazeraodescouparumimovelalugado\/#breadcrumb","itemListElement":[{"@type":"ListItem","position":1,"name":"In\u00edcio","item":"https:\/\/www.imobiliariaatual.com.br\/blog\/"},{"@type":"ListItem","position":2,"name":"O que fazer ao desocupar um im\u00f3vel alugado?"}]},{"@type":"WebSite","@id":"https:\/\/www.imobiliariaatual.com.br\/blog\/#website","url":"https:\/\/www.imobiliariaatual.com.br\/blog\/","name":"Revista Atual","description":"Revista Atual","publisher":{"@id":"https:\/\/www.imobiliariaatual.com.br\/blog\/#organization"},"potentialAction":[{"@type":"SearchAction","target":{"@type":"EntryPoint","urlTemplate":"https:\/\/www.imobiliariaatual.com.br\/blog\/?s={search_term_string}"},"query-input":{"@type":"PropertyValueSpecification","valueRequired":true,"valueName":"search_term_string"}}],"inLanguage":"pt-BR"},{"@type":"Organization","@id":"https:\/\/www.imobiliariaatual.com.br\/blog\/#organization","name":"Imobili\u00e1ria Atual","url":"https:\/\/www.imobiliariaatual.com.br\/blog\/","logo":{"@type":"ImageObject","inLanguage":"pt-BR","@id":"https:\/\/www.imobiliariaatual.com.br\/blog\/#\/schema\/logo\/image\/","url":"https:\/\/www.imobiliariaatual.com.br\/blog\/wp-content\/uploads\/2021\/02\/logo-print.png","contentUrl":"https:\/\/www.imobiliariaatual.com.br\/blog\/wp-content\/uploads\/2021\/02\/logo-print.png","width":193,"height":60,"caption":"Imobili\u00e1ria Atual"},"image":{"@id":"https:\/\/www.imobiliariaatual.com.br\/blog\/#\/schema\/logo\/image\/"},"sameAs":["https:\/\/www.facebook.com\/Imobiliariaatuallondrina\/","https:\/\/www.instagram.com\/imobiliariaatual\/","https:\/\/www.imobiliariaatual.com.br\/blog\/imobiliaria-atual-lanca-um-novo-site\/","https:\/\/www.youtube.com\/channel\/UCGTDKPROSOnTrNzFZM5hE0A"]},{"@type":"Person","@id":"https:\/\/www.imobiliariaatual.com.br\/blog\/#\/schema\/person\/a05b0c0c2a5de889f67dbcd8ac0464b1","name":"Imobili\u00e1ria Atual","image":{"@type":"ImageObject","inLanguage":"pt-BR","@id":"https:\/\/secure.gravatar.com\/avatar\/9c1229534b7f7218125b39b8768206dcea992d64b28dcbcfa769d46c13ec3bcb?s=96&d=mm&r=g","url":"https:\/\/secure.gravatar.com\/avatar\/9c1229534b7f7218125b39b8768206dcea992d64b28dcbcfa769d46c13ec3bcb?s=96&d=mm&r=g","contentUrl":"https:\/\/secure.gravatar.com\/avatar\/9c1229534b7f7218125b39b8768206dcea992d64b28dcbcfa769d46c13ec3bcb?s=96&d=mm&r=g","caption":"Imobili\u00e1ria Atual"}}]}},"_links":{"self":[{"href":"https:\/\/www.imobiliariaatual.com.br\/blog\/wp-json\/wp\/v2\/posts\/325","targetHints":{"allow":["GET"]}}],"collection":[{"href":"https:\/\/www.imobiliariaatual.com.br\/blog\/wp-json\/wp\/v2\/posts"}],"about":[{"href":"https:\/\/www.imobiliariaatual.com.br\/blog\/wp-json\/wp\/v2\/types\/post"}],"author":[{"embeddable":true,"href":"https:\/\/www.imobiliariaatual.com.br\/blog\/wp-json\/wp\/v2\/users\/3"}],"replies":[{"embeddable":true,"href":"https:\/\/www.imobiliariaatual.com.br\/blog\/wp-json\/wp\/v2\/comments?post=325"}],"version-history":[{"count":2,"href":"https:\/\/www.imobiliariaatual.com.br\/blog\/wp-json\/wp\/v2\/posts\/325\/revisions"}],"predecessor-version":[{"id":328,"href":"https:\/\/www.imobiliariaatual.com.br\/blog\/wp-json\/wp\/v2\/posts\/325\/revisions\/328"}],"wp:featuredmedia":[{"embeddable":true,"href":"https:\/\/www.imobiliariaatual.com.br\/blog\/wp-json\/wp\/v2\/media\/326"}],"wp:attachment":[{"href":"https:\/\/www.imobiliariaatual.com.br\/blog\/wp-json\/wp\/v2\/media?parent=325"}],"wp:term":[{"taxonomy":"category","embeddable":true,"href":"https:\/\/www.imobiliariaatual.com.br\/blog\/wp-json\/wp\/v2\/categories?post=325"},{"taxonomy":"post_tag","embeddable":true,"href":"https:\/\/www.imobiliariaatual.com.br\/blog\/wp-json\/wp\/v2\/tags?post=325"}],"curies":[{"name":"wp","href":"https:\/\/api.w.org\/{rel}","templated":true}]}}